{"id":10643,"date":"2024-10-25T05:00:22","date_gmt":"2024-10-25T09:00:22","guid":{"rendered":"https:\/\/blogdacondessa.com.br\/blog\/?p=10643"},"modified":"2024-10-24T18:21:56","modified_gmt":"2024-10-24T22:21:56","slug":"esta-e-uma-otima-oportunidade-para-realizarmos-o-sonho-do-casamento-declara-noiva-inscrita-no-casamento-abencoado","status":"publish","type":"post","link":"https:\/\/blogdacondessa.com.br\/blog\/social\/esta-e-uma-otima-oportunidade-para-realizarmos-o-sonho-do-casamento-declara-noiva-inscrita-no-casamento-abencoado\/","title":{"rendered":"Esta \u00e9 uma \u00f3tima oportunidade para realizarmos o sonho do casamento\u201d, declara noiva inscrita no Casamento Aben\u00e7oado"},"content":{"rendered":"<p>\u201cNo momento n\u00e3o temos condi\u00e7\u00f5es financeiras para arcar com uma cerim\u00f4nia tradicional, ent\u00e3o, essa \u00e9 uma \u00f3tima oportunidade para n\u00f3s e tantos outros casais que querem realizar o sonho de casamento. Estou muito ansiosa desde j\u00e1\u201d, disse Nagila da Cunha, uma das noivas inscritas na 3\u00aa edi\u00e7\u00e3o do Casamento Aben\u00e7oado.<br \/>\nAs inscri\u00e7\u00f5es para a celebra\u00e7\u00e3o seguem abertas at\u00e9 esta sexta-feira (25.10). J\u00e1 a cerim\u00f4nia ecum\u00eanica, idealizada pela primeira-dama Virginia Mendes e executada pela Secretaria de Estado de Assist\u00eancia Social e Cidadania (Setasc), est\u00e1 prevista para ocorrer no dia 10 de novembro, no Gin\u00e1sio Aecim Tocantins, em Cuiab\u00e1.<br \/>\n\u201cEstou ansiosa para testemunhar esse momento lindo na vida dos casais que esperam por esse momento. Alguns casais est\u00e3o h\u00e1 algum tempo juntos. Esse ano com o sorteio das cinco casas o evento ser\u00e1 ainda mais aben\u00e7oado. Espero que os casais aproveitem a oportunidade e concretizem esse lindo sonho\u201d, ratificou a primeira-dama de Mato Grosso, Virginia Mendes.<br \/>\nO Casamento Aben\u00e7oado ir\u00e1 contar com a presen\u00e7a de casais da Capital e dos munic\u00edpios da baixada cuiabana: Acorizal, Bar\u00e3o de Melga\u00e7o, Chapada dos Guimar\u00e3es, Jangada, Nobres, Nossa Senhora do Livramento, Nova Brasil\u00e2ndia, Planalto da Serra, Pocon\u00e9, Porto Estrela, Ros\u00e1rio Oeste, Santo Ant\u00f4nio de Leverger e V\u00e1rzea Grande.<br \/>\nA secret\u00e1ria de Assist\u00eancia Social e Cidadania do Estado, Cel. Grasi Paes Bugalho, celebra a realiza\u00e7\u00e3o de mais uma edi\u00e7\u00e3o do Casamento Aben\u00e7oado e conta uma novidade para esta edi\u00e7\u00e3o.<br \/>\n\u201cO Casamento Aben\u00e7oado foi idealizado com todo carinho pela nossa primeira-dama Virginia Mendes para oportunizar casais de baixa renda a ter o seu momento matrimonial. Para essa edi\u00e7\u00e3o, teremos a doa\u00e7\u00e3o de cinco im\u00f3veis que ser\u00e3o sorteados aos casais inscritos, sendo assim, com toda certeza ser\u00e1 mais uma edi\u00e7\u00e3o bel\u00edssima do Casamento Aben\u00e7oado\u201d, afirmou a secret\u00e1ria de Estado de Assist\u00eancia Social e Cidadania, Cel. Grasi Bugalho.<br \/>\nO evento \u00e9 uma oportunidade \u00fanica para casais de baixa renda, de realizarem o sonho de casar no civil, em uma cerim\u00f4nia totalmente gratuita. Como \u00e9 o caso de Nagila que agora aguarda o t\u00e3o sonhado dia da cerim\u00f4nia para oficializar a uni\u00e3o com o seu noivo, Tancredo Neves.<br \/>\n\u201cResolvi me inscrever porque estou h\u00e1 muito tempo com meu marido, e h\u00e1 muito tempo esperamos uma oportunidade de oficializar nossa uni\u00e3o. \u00c9 a oportunidade de realizar um sonho\u201d, declarou emocionada.<br \/>\nQuem tamb\u00e9m aproveitou e se inscreveu para o Casamento Aben\u00e7oado, foi Ketilyn Klein, moradora de V\u00e1rzea Grande, que viu uma chance de oficializar sua uni\u00e3o com o noivo, William de Souza.<br \/>\n\u201cNos inscrevemos para o Casamento, porque \u00e9 uma forma de Deus Aben\u00e7oar a nossa vida em uma boa oportunidade que surgiu. Sabemos que um casamento tradicional custa muito caro, ent\u00e3o, o Casamento Aben\u00e7oado nos proporciona essa cerim\u00f4nia gratuita. Estamos muito felizes por essa iniciativa do Governo do Estado, por meio da Setasc, s\u00f3 temos que agradecer\u201d, concluiu Ketilyn.<br \/>\nDurante a cerim\u00f4nia, no dia 10 de novembro, ser\u00e3o sorteados cinco im\u00f3veis para casais participantes por meio do MT Participa\u00e7\u00f5es e Projetos S.A (MTPar), em parceria com a Construtora e Imobili\u00e1ria Farias Ltda., Pacaembu Construtora S.A. e Construtora e Imobili\u00e1ria Paiagu\u00e1s. Para concorrer ao sorteio, os casais precisam estar com os processos devidamente legais.<br \/>\nAs inscri\u00e7\u00f5es para o Casamento Aben\u00e7oado estar\u00e3o abertas at\u00e9 sexta-feira (25.10), e podem ser feitas na sede da Setasc (Rua Jornalista Amaro de Figueiredo Falc\u00e3o, 503 &#8211; CPA I, Cuiab\u00e1 &#8211; MT, 78055-125) e nos CRAS (para noivos residentes em V\u00e1rzea Grande e demais munic\u00edpios da baixada cuiabana).<\/p>\n","protected":false},"excerpt":{"rendered":"<p>\u201cNo momento n\u00e3o temos condi\u00e7\u00f5es financeiras para arcar com uma cerim\u00f4nia tradicional, ent\u00e3o, essa \u00e9 uma \u00f3tima oportunidade para n\u00f3s e tantos outros casais que querem realizar o sonho de casamento. Estou muito ansiosa desde j\u00e1\u201d, disse Nagila da Cunha, uma das noivas inscritas na 3\u00aa edi\u00e7\u00e3o do Casamento Aben\u00e7oado. As inscri\u00e7\u00f5es para a celebra\u00e7\u00e3o [&hellip;]<\/p>\n","protected":false},"author":2,"featured_media":10644,"comment_status":"closed","ping_status":"closed","sticky":false,"template":"","format":"standard","meta":{"iawp_total_views":6,"footnotes":""},"categories":[25],"tags":[],"class_list":["post-10643","post","type-post","status-publish","format-standard","has-post-thumbnail","hentry","category-social"],"yoast_head":"<!-- This site is optimized with the Yoast SEO plugin v27.3 - https:\/\/yoast.com\/product\/yoast-seo-wordpress\/ -->\n<title>Esta \u00e9 uma \u00f3tima oportunidade para realizarmos o sonho do casamento\u201d, declara noiva inscrita no Casamento Aben\u00e7oado &#8902; Blog da Condessa<\/title>\n<meta name=\"robots\" content=\"index, follow, max-snippet:-1, max-image-preview:large, max-video-preview:-1\" \/>\n<link rel=\"canonical\" href=\"https:\/\/blogdacondessa.com.br\/blog\/social\/esta-e-uma-otima-oportunidade-para-realizarmos-o-sonho-do-casamento-declara-noiva-inscrita-no-casamento-abencoado\/\" \/>\n<meta property=\"og:locale\" content=\"pt_BR\" \/>\n<meta property=\"og:type\" content=\"article\" \/>\n<meta property=\"og:title\" content=\"Esta \u00e9 uma \u00f3tima oportunidade para realizarmos o sonho do casamento\u201d, declara noiva inscrita no Casamento Aben\u00e7oado &#8902; Blog da Condessa\" \/>\n<meta property=\"og:description\" content=\"\u201cNo momento n\u00e3o temos condi\u00e7\u00f5es financeiras para arcar com uma cerim\u00f4nia tradicional, ent\u00e3o, essa \u00e9 uma \u00f3tima oportunidade para n\u00f3s e tantos outros casais que querem realizar o sonho de casamento. Estou muito ansiosa desde j\u00e1\u201d, disse Nagila da Cunha, uma das noivas inscritas na 3\u00aa edi\u00e7\u00e3o do Casamento Aben\u00e7oado. As inscri\u00e7\u00f5es para a celebra\u00e7\u00e3o [&hellip;]\" \/>\n<meta property=\"og:url\" content=\"https:\/\/blogdacondessa.com.br\/blog\/social\/esta-e-uma-otima-oportunidade-para-realizarmos-o-sonho-do-casamento-declara-noiva-inscrita-no-casamento-abencoado\/\" \/>\n<meta property=\"og:site_name\" content=\"Blog da Condessa\" \/>\n<meta property=\"article:published_time\" content=\"2024-10-25T09:00:22+00:00\" \/>\n<meta property=\"og:image\" content=\"https:\/\/blogdacondessa.com.br\/blog\/wp-content\/uploads\/2024\/10\/casamento-abencoado.jpg\" \/>\n\t<meta property=\"og:image:width\" content=\"1280\" \/>\n\t<meta property=\"og:image:height\" content=\"720\" \/>\n\t<meta property=\"og:image:type\" content=\"image\/jpeg\" \/>\n<meta name=\"author\" content=\"Blog da Condessa\" \/>\n<meta name=\"twitter:card\" content=\"summary_large_image\" \/>\n<meta name=\"twitter:label1\" content=\"Escrito por\" \/>\n\t<meta name=\"twitter:data1\" content=\"Blog da Condessa\" \/>\n\t<meta name=\"twitter:label2\" content=\"Est. tempo de leitura\" \/>\n\t<meta name=\"twitter:data2\" content=\"4 minutos\" \/>\n<script type=\"application\/ld+json\" class=\"yoast-schema-graph\">{\"@context\":\"https:\\\/\\\/schema.org\",\"@graph\":[{\"@type\":\"Article\",\"@id\":\"https:\\\/\\\/blogdacondessa.com.br\\\/blog\\\/social\\\/esta-e-uma-otima-oportunidade-para-realizarmos-o-sonho-do-casamento-declara-noiva-inscrita-no-casamento-abencoado\\\/#article\",\"isPartOf\":{\"@id\":\"https:\\\/\\\/blogdacondessa.com.br\\\/blog\\\/social\\\/esta-e-uma-otima-oportunidade-para-realizarmos-o-sonho-do-casamento-declara-noiva-inscrita-no-casamento-abencoado\\\/\"},\"author\":{\"name\":\"Blog da Condessa\",\"@id\":\"https:\\\/\\\/blogdacondessa.com.br\\\/blog\\\/#\\\/schema\\\/person\\\/1d667ff8b785195b568677489d266035\"},\"headline\":\"Esta \u00e9 uma \u00f3tima oportunidade para realizarmos o sonho do casamento\u201d, declara noiva inscrita no Casamento Aben\u00e7oado\",\"datePublished\":\"2024-10-25T09:00:22+00:00\",\"mainEntityOfPage\":{\"@id\":\"https:\\\/\\\/blogdacondessa.com.br\\\/blog\\\/social\\\/esta-e-uma-otima-oportunidade-para-realizarmos-o-sonho-do-casamento-declara-noiva-inscrita-no-casamento-abencoado\\\/\"},\"wordCount\":644,\"image\":{\"@id\":\"https:\\\/\\\/blogdacondessa.com.br\\\/blog\\\/social\\\/esta-e-uma-otima-oportunidade-para-realizarmos-o-sonho-do-casamento-declara-noiva-inscrita-no-casamento-abencoado\\\/#primaryimage\"},\"thumbnailUrl\":\"https:\\\/\\\/blogdacondessa.com.br\\\/blog\\\/wp-content\\\/uploads\\\/2024\\\/10\\\/casamento-abencoado.jpg\",\"articleSection\":[\"Social\"],\"inLanguage\":\"pt-BR\"},{\"@type\":\"WebPage\",\"@id\":\"https:\\\/\\\/blogdacondessa.com.br\\\/blog\\\/social\\\/esta-e-uma-otima-oportunidade-para-realizarmos-o-sonho-do-casamento-declara-noiva-inscrita-no-casamento-abencoado\\\/\",\"url\":\"https:\\\/\\\/blogdacondessa.com.br\\\/blog\\\/social\\\/esta-e-uma-otima-oportunidade-para-realizarmos-o-sonho-do-casamento-declara-noiva-inscrita-no-casamento-abencoado\\\/\",\"name\":\"Esta \u00e9 uma \u00f3tima oportunidade para realizarmos o sonho do casamento\u201d, declara noiva inscrita no Casamento Aben\u00e7oado &#8902; Blog da Condessa\",\"isPartOf\":{\"@id\":\"https:\\\/\\\/blogdacondessa.com.br\\\/blog\\\/#website\"},\"primaryImageOfPage\":{\"@id\":\"https:\\\/\\\/blogdacondessa.com.br\\\/blog\\\/social\\\/esta-e-uma-otima-oportunidade-para-realizarmos-o-sonho-do-casamento-declara-noiva-inscrita-no-casamento-abencoado\\\/#primaryimage\"},\"image\":{\"@id\":\"https:\\\/\\\/blogdacondessa.com.br\\\/blog\\\/social\\\/esta-e-uma-otima-oportunidade-para-realizarmos-o-sonho-do-casamento-declara-noiva-inscrita-no-casamento-abencoado\\\/#primaryimage\"},\"thumbnailUrl\":\"https:\\\/\\\/blogdacondessa.com.br\\\/blog\\\/wp-content\\\/uploads\\\/2024\\\/10\\\/casamento-abencoado.jpg\",\"datePublished\":\"2024-10-25T09:00:22+00:00\",\"author\":{\"@id\":\"https:\\\/\\\/blogdacondessa.com.br\\\/blog\\\/#\\\/schema\\\/person\\\/1d667ff8b785195b568677489d266035\"},\"breadcrumb\":{\"@id\":\"https:\\\/\\\/blogdacondessa.com.br\\\/blog\\\/social\\\/esta-e-uma-otima-oportunidade-para-realizarmos-o-sonho-do-casamento-declara-noiva-inscrita-no-casamento-abencoado\\\/#breadcrumb\"},\"inLanguage\":\"pt-BR\",\"potentialAction\":[{\"@type\":\"ReadAction\",\"target\":[\"https:\\\/\\\/blogdacondessa.com.br\\\/blog\\\/social\\\/esta-e-uma-otima-oportunidade-para-realizarmos-o-sonho-do-casamento-declara-noiva-inscrita-no-casamento-abencoado\\\/\"]}]},{\"@type\":\"ImageObject\",\"inLanguage\":\"pt-BR\",\"@id\":\"https:\\\/\\\/blogdacondessa.com.br\\\/blog\\\/social\\\/esta-e-uma-otima-oportunidade-para-realizarmos-o-sonho-do-casamento-declara-noiva-inscrita-no-casamento-abencoado\\\/#primaryimage\",\"url\":\"https:\\\/\\\/blogdacondessa.com.br\\\/blog\\\/wp-content\\\/uploads\\\/2024\\\/10\\\/casamento-abencoado.jpg\",\"contentUrl\":\"https:\\\/\\\/blogdacondessa.com.br\\\/blog\\\/wp-content\\\/uploads\\\/2024\\\/10\\\/casamento-abencoado.jpg\",\"width\":1280,\"height\":720,\"caption\":\"Foto por: Setasc-MT\"},{\"@type\":\"BreadcrumbList\",\"@id\":\"https:\\\/\\\/blogdacondessa.com.br\\\/blog\\\/social\\\/esta-e-uma-otima-oportunidade-para-realizarmos-o-sonho-do-casamento-declara-noiva-inscrita-no-casamento-abencoado\\\/#breadcrumb\",\"itemListElement\":[{\"@type\":\"ListItem\",\"position\":1,\"name\":\"In\u00edcio\",\"item\":\"https:\\\/\\\/blogdacondessa.com.br\\\/blog\\\/\"},{\"@type\":\"ListItem\",\"position\":2,\"name\":\"Esta \u00e9 uma \u00f3tima oportunidade para realizarmos o sonho do casamento\u201d, declara noiva inscrita no Casamento Aben\u00e7oado\"}]},{\"@type\":\"WebSite\",\"@id\":\"https:\\\/\\\/blogdacondessa.com.br\\\/blog\\\/#website\",\"url\":\"https:\\\/\\\/blogdacondessa.com.br\\\/blog\\\/\",\"name\":\"Blog da Condessa\",\"description\":\"Com Shirley de Souza O\u2019Campos\",\"potentialAction\":[{\"@type\":\"SearchAction\",\"target\":{\"@type\":\"EntryPoint\",\"urlTemplate\":\"https:\\\/\\\/blogdacondessa.com.br\\\/blog\\\/?s={search_term_string}\"},\"query-input\":{\"@type\":\"PropertyValueSpecification\",\"valueRequired\":true,\"valueName\":\"search_term_string\"}}],\"inLanguage\":\"pt-BR\"},{\"@type\":\"Person\",\"@id\":\"https:\\\/\\\/blogdacondessa.com.br\\\/blog\\\/#\\\/schema\\\/person\\\/1d667ff8b785195b568677489d266035\",\"name\":\"Blog da Condessa\",\"image\":{\"@type\":\"ImageObject\",\"inLanguage\":\"pt-BR\",\"@id\":\"https:\\\/\\\/secure.gravatar.com\\\/avatar\\\/377c0eb8b4ad2bfc25461b41564b5971e721ca34a57642868fc7b0c8ac7b52c5?s=96&d=mm&r=g\",\"url\":\"https:\\\/\\\/secure.gravatar.com\\\/avatar\\\/377c0eb8b4ad2bfc25461b41564b5971e721ca34a57642868fc7b0c8ac7b52c5?s=96&d=mm&r=g\",\"contentUrl\":\"https:\\\/\\\/secure.gravatar.com\\\/avatar\\\/377c0eb8b4ad2bfc25461b41564b5971e721ca34a57642868fc7b0c8ac7b52c5?s=96&d=mm&r=g\",\"caption\":\"Blog da Condessa\"},\"url\":\"https:\\\/\\\/blogdacondessa.com.br\\\/blog\\\/author\\\/beatriz\\\/\"}]}<\/script>\n<!-- \/ Yoast SEO plugin. -->","yoast_head_json":{"title":"Esta \u00e9 uma \u00f3tima oportunidade para realizarmos o sonho do casamento\u201d, declara noiva inscrita no Casamento Aben\u00e7oado &#8902; Blog da Condessa","robots":{"index":"index","follow":"follow","max-snippet":"max-snippet:-1","max-image-preview":"max-image-preview:large","max-video-preview":"max-video-preview:-1"},"canonical":"https:\/\/blogdacondessa.com.br\/blog\/social\/esta-e-uma-otima-oportunidade-para-realizarmos-o-sonho-do-casamento-declara-noiva-inscrita-no-casamento-abencoado\/","og_locale":"pt_BR","og_type":"article","og_title":"Esta \u00e9 uma \u00f3tima oportunidade para realizarmos o sonho do casamento\u201d, declara noiva inscrita no Casamento Aben\u00e7oado &#8902; Blog da Condessa","og_description":"\u201cNo momento n\u00e3o temos condi\u00e7\u00f5es financeiras para arcar com uma cerim\u00f4nia tradicional, ent\u00e3o, essa \u00e9 uma \u00f3tima oportunidade para n\u00f3s e tantos outros casais que querem realizar o sonho de casamento. Estou muito ansiosa desde j\u00e1\u201d, disse Nagila da Cunha, uma das noivas inscritas na 3\u00aa edi\u00e7\u00e3o do Casamento Aben\u00e7oado. As inscri\u00e7\u00f5es para a celebra\u00e7\u00e3o [&hellip;]","og_url":"https:\/\/blogdacondessa.com.br\/blog\/social\/esta-e-uma-otima-oportunidade-para-realizarmos-o-sonho-do-casamento-declara-noiva-inscrita-no-casamento-abencoado\/","og_site_name":"Blog da Condessa","article_published_time":"2024-10-25T09:00:22+00:00","og_image":[{"width":1280,"height":720,"url":"https:\/\/blogdacondessa.com.br\/blog\/wp-content\/uploads\/2024\/10\/casamento-abencoado.jpg","type":"image\/jpeg"}],"author":"Blog da Condessa","twitter_card":"summary_large_image","twitter_misc":{"Escrito por":"Blog da Condessa","Est. tempo de leitura":"4 minutos"},"schema":{"@context":"https:\/\/schema.org","@graph":[{"@type":"Article","@id":"https:\/\/blogdacondessa.com.br\/blog\/social\/esta-e-uma-otima-oportunidade-para-realizarmos-o-sonho-do-casamento-declara-noiva-inscrita-no-casamento-abencoado\/#article","isPartOf":{"@id":"https:\/\/blogdacondessa.com.br\/blog\/social\/esta-e-uma-otima-oportunidade-para-realizarmos-o-sonho-do-casamento-declara-noiva-inscrita-no-casamento-abencoado\/"},"author":{"name":"Blog da Condessa","@id":"https:\/\/blogdacondessa.com.br\/blog\/#\/schema\/person\/1d667ff8b785195b568677489d266035"},"headline":"Esta \u00e9 uma \u00f3tima oportunidade para realizarmos o sonho do casamento\u201d, declara noiva inscrita no Casamento Aben\u00e7oado","datePublished":"2024-10-25T09:00:22+00:00","mainEntityOfPage":{"@id":"https:\/\/blogdacondessa.com.br\/blog\/social\/esta-e-uma-otima-oportunidade-para-realizarmos-o-sonho-do-casamento-declara-noiva-inscrita-no-casamento-abencoado\/"},"wordCount":644,"image":{"@id":"https:\/\/blogdacondessa.com.br\/blog\/social\/esta-e-uma-otima-oportunidade-para-realizarmos-o-sonho-do-casamento-declara-noiva-inscrita-no-casamento-abencoado\/#primaryimage"},"thumbnailUrl":"https:\/\/blogdacondessa.com.br\/blog\/wp-content\/uploads\/2024\/10\/casamento-abencoado.jpg","articleSection":["Social"],"inLanguage":"pt-BR"},{"@type":"WebPage","@id":"https:\/\/blogdacondessa.com.br\/blog\/social\/esta-e-uma-otima-oportunidade-para-realizarmos-o-sonho-do-casamento-declara-noiva-inscrita-no-casamento-abencoado\/","url":"https:\/\/blogdacondessa.com.br\/blog\/social\/esta-e-uma-otima-oportunidade-para-realizarmos-o-sonho-do-casamento-declara-noiva-inscrita-no-casamento-abencoado\/","name":"Esta \u00e9 uma \u00f3tima oportunidade para realizarmos o sonho do casamento\u201d, declara noiva inscrita no Casamento Aben\u00e7oado &#8902; Blog da Condessa","isPartOf":{"@id":"https:\/\/blogdacondessa.com.br\/blog\/#website"},"primaryImageOfPage":{"@id":"https:\/\/blogdacondessa.com.br\/blog\/social\/esta-e-uma-otima-oportunidade-para-realizarmos-o-sonho-do-casamento-declara-noiva-inscrita-no-casamento-abencoado\/#primaryimage"},"image":{"@id":"https:\/\/blogdacondessa.com.br\/blog\/social\/esta-e-uma-otima-oportunidade-para-realizarmos-o-sonho-do-casamento-declara-noiva-inscrita-no-casamento-abencoado\/#primaryimage"},"thumbnailUrl":"https:\/\/blogdacondessa.com.br\/blog\/wp-content\/uploads\/2024\/10\/casamento-abencoado.jpg","datePublished":"2024-10-25T09:00:22+00:00","author":{"@id":"https:\/\/blogdacondessa.com.br\/blog\/#\/schema\/person\/1d667ff8b785195b568677489d266035"},"breadcrumb":{"@id":"https:\/\/blogdacondessa.com.br\/blog\/social\/esta-e-uma-otima-oportunidade-para-realizarmos-o-sonho-do-casamento-declara-noiva-inscrita-no-casamento-abencoado\/#breadcrumb"},"inLanguage":"pt-BR","potentialAction":[{"@type":"ReadAction","target":["https:\/\/blogdacondessa.com.br\/blog\/social\/esta-e-uma-otima-oportunidade-para-realizarmos-o-sonho-do-casamento-declara-noiva-inscrita-no-casamento-abencoado\/"]}]},{"@type":"ImageObject","inLanguage":"pt-BR","@id":"https:\/\/blogdacondessa.com.br\/blog\/social\/esta-e-uma-otima-oportunidade-para-realizarmos-o-sonho-do-casamento-declara-noiva-inscrita-no-casamento-abencoado\/#primaryimage","url":"https:\/\/blogdacondessa.com.br\/blog\/wp-content\/uploads\/2024\/10\/casamento-abencoado.jpg","contentUrl":"https:\/\/blogdacondessa.com.br\/blog\/wp-content\/uploads\/2024\/10\/casamento-abencoado.jpg","width":1280,"height":720,"caption":"Foto por: Setasc-MT"},{"@type":"BreadcrumbList","@id":"https:\/\/blogdacondessa.com.br\/blog\/social\/esta-e-uma-otima-oportunidade-para-realizarmos-o-sonho-do-casamento-declara-noiva-inscrita-no-casamento-abencoado\/#breadcrumb","itemListElement":[{"@type":"ListItem","position":1,"name":"In\u00edcio","item":"https:\/\/blogdacondessa.com.br\/blog\/"},{"@type":"ListItem","position":2,"name":"Esta \u00e9 uma \u00f3tima oportunidade para realizarmos o sonho do casamento\u201d, declara noiva inscrita no Casamento Aben\u00e7oado"}]},{"@type":"WebSite","@id":"https:\/\/blogdacondessa.com.br\/blog\/#website","url":"https:\/\/blogdacondessa.com.br\/blog\/","name":"Blog da Condessa","description":"Com Shirley de Souza O\u2019Campos","potentialAction":[{"@type":"SearchAction","target":{"@type":"EntryPoint","urlTemplate":"https:\/\/blogdacondessa.com.br\/blog\/?s={search_term_string}"},"query-input":{"@type":"PropertyValueSpecification","valueRequired":true,"valueName":"search_term_string"}}],"inLanguage":"pt-BR"},{"@type":"Person","@id":"https:\/\/blogdacondessa.com.br\/blog\/#\/schema\/person\/1d667ff8b785195b568677489d266035","name":"Blog da Condessa","image":{"@type":"ImageObject","inLanguage":"pt-BR","@id":"https:\/\/secure.gravatar.com\/avatar\/377c0eb8b4ad2bfc25461b41564b5971e721ca34a57642868fc7b0c8ac7b52c5?s=96&d=mm&r=g","url":"https:\/\/secure.gravatar.com\/avatar\/377c0eb8b4ad2bfc25461b41564b5971e721ca34a57642868fc7b0c8ac7b52c5?s=96&d=mm&r=g","contentUrl":"https:\/\/secure.gravatar.com\/avatar\/377c0eb8b4ad2bfc25461b41564b5971e721ca34a57642868fc7b0c8ac7b52c5?s=96&d=mm&r=g","caption":"Blog da Condessa"},"url":"https:\/\/blogdacondessa.com.br\/blog\/author\/beatriz\/"}]}},"_links":{"self":[{"href":"https:\/\/blogdacondessa.com.br\/blog\/wp-json\/wp\/v2\/posts\/10643","targetHints":{"allow":["GET"]}}],"collection":[{"href":"https:\/\/blogdacondessa.com.br\/blog\/wp-json\/wp\/v2\/posts"}],"about":[{"href":"https:\/\/blogdacondessa.com.br\/blog\/wp-json\/wp\/v2\/types\/post"}],"author":[{"embeddable":true,"href":"https:\/\/blogdacondessa.com.br\/blog\/wp-json\/wp\/v2\/users\/2"}],"replies":[{"embeddable":true,"href":"https:\/\/blogdacondessa.com.br\/blog\/wp-json\/wp\/v2\/comments?post=10643"}],"version-history":[{"count":0,"href":"https:\/\/blogdacondessa.com.br\/blog\/wp-json\/wp\/v2\/posts\/10643\/revisions"}],"wp:featuredmedia":[{"embeddable":true,"href":"https:\/\/blogdacondessa.com.br\/blog\/wp-json\/wp\/v2\/media\/10644"}],"wp:attachment":[{"href":"https:\/\/blogdacondessa.com.br\/blog\/wp-json\/wp\/v2\/media?parent=10643"}],"wp:term":[{"taxonomy":"category","embeddable":true,"href":"https:\/\/blogdacondessa.com.br\/blog\/wp-json\/wp\/v2\/categories?post=10643"},{"taxonomy":"post_tag","embeddable":true,"href":"https:\/\/blogdacondessa.com.br\/blog\/wp-json\/wp\/v2\/tags?post=10643"}],"curies":[{"name":"wp","href":"https:\/\/api.w.org\/{rel}","templated":true}]}}