{"id":10573,"date":"2024-10-14T05:00:28","date_gmt":"2024-10-14T09:00:28","guid":{"rendered":"https:\/\/blogdacondessa.com.br\/blog\/?p=10573"},"modified":"2024-10-13T16:44:03","modified_gmt":"2024-10-13T20:44:03","slug":"os-destinos-turisticos-pensados-para-receber-pessoas-autistas","status":"publish","type":"post","link":"https:\/\/blogdacondessa.com.br\/blog\/cotidiano\/os-destinos-turisticos-pensados-para-receber-pessoas-autistas\/","title":{"rendered":"Os destinos tur\u00edsticos pensados para receber pessoas autistas"},"content":{"rendered":"<p>O desconforto causado por longas filas de embarque, atrasos de voos, trens lotados e congestionamentos de tr\u00e2nsito pode fazer com que\u00a0<a href=\"https:\/\/www.bbc.com\/portuguese\/topics\/cdr56rd9kx9t\">viajar\u00a0<\/a>se torne uma prova\u00e7\u00e3o. E, para algumas pessoas, o estresse das viagens pode ser ainda mais forte.<\/p>\n<p>Espa\u00e7os barulhentos e lotados de pessoas, intera\u00e7\u00f5es sociais complicadas e s\u00fabitas mudan\u00e7as de rotina s\u00e3o fortes desafios para viajantes\u00a0<a href=\"https:\/\/www.bbc.com\/portuguese\/articles\/ce81wn2lg67o\">neurodivergentes<\/a>, como os do espectro\u00a0<a href=\"https:\/\/www.bbc.com\/portuguese\/articles\/c4njjq3e172o\">autista<\/a>.<\/p>\n<p>O\u00a0<a href=\"https:\/\/www.bbc.com\/portuguese\/topics\/c6vzyv5gnqqt\">autismo\u00a0<\/a>\u00e9 uma condi\u00e7\u00e3o complexa, marcada por diferen\u00e7as nas intera\u00e7\u00f5es sociais, comunica\u00e7\u00f5es e no processamento sensorial. Esta condi\u00e7\u00e3o afeta cerca de 1% das crian\u00e7as em todo o mundo, segundo a Organiza\u00e7\u00e3o Mundial da Sa\u00fade.<\/p>\n<p>A variedade e a gravidade dos sintomas variam de pessoa para pessoa. Ou seja, as acomoda\u00e7\u00f5es espec\u00edficas para cada viajante tamb\u00e9m podem variar.<\/p>\n<p>Mas viajar tamb\u00e9m pode ser uma atividade muito gratificante para pessoas autistas, especialmente quando suas necessidades e sensibilidade s\u00e3o levadas em considera\u00e7\u00e3o.<\/p>\n<p>&#8220;Acho que um dos maiores benef\u00edcios de viajar \u00e9 a oportunidade de ampliar as no\u00e7\u00f5es sobre o que as pessoas autistas s\u00e3o capazes de fazer&#8221;, afirma o palestrante e escritor best-seller Kerry Magro, que foi diagnosticado com autismo aos quatro anos de idade.<\/p>\n<p>&#8220;[Viajar pode melhorar as] capacidades sociais, comunica\u00e7\u00e3o, adaptabilidade e a pr\u00f3pria autoconsci\u00eancia sobre quem eles s\u00e3o como indiv\u00edduos e o que eles gostam de fazer.&#8221;<\/p>\n<p>Alguns conhecimentos b\u00e1sicos e acomoda\u00e7\u00f5es simples podem fazer toda a diferen\u00e7a para as experi\u00eancias de viagem de pessoas autistas \u2013 e os destinos tur\u00edsticos est\u00e3o trabalhando cada vez mais para fornecer estas condi\u00e7\u00f5es para seus visitantes.<\/p>\n<p>H\u00e1 mais de 20 anos, o Comit\u00ea Internacional de Credenciamento e Padr\u00f5es de Educa\u00e7\u00e3o Continuada (IBCCES, na sigla em ingl\u00eas) fornece treinamento para hot\u00e9is, profissionais e escrit\u00f3rios de turismo de todo o mundo que se interessem em receber melhor visitantes autistas e com outros tipos de neurodiverg\u00eancia.<\/p>\n<p>Atualmente, mais de 300 empresas s\u00e3o relacionadas como Centros Certificados de Autismo, al\u00e9m de tr\u00eas destinos totalmente certificados. E existem outros atualmente em processo de certifica\u00e7\u00e3o, como Dubai, nos Emirados \u00c1rabes Unidos, e a \u00e1rea da Grande Palm Springs, nos Estados Unidos.<\/p>\n<p>&#8220;Incorporamos as melhores pr\u00e1ticas dos especialistas neste campo, al\u00e9m dos pr\u00f3prios indiv\u00edduos autistas e neurodivergentes [nos nossos treinamentos]&#8221;, explica a presidente do IBCCES, Meredith Tekin. &#8220;Por isso, voc\u00ea ir\u00e1 ver indiv\u00edduos oferecendo sua experi\u00eancia de vida e suas recomenda\u00e7\u00f5es nos treinamentos.&#8221;<\/p>\n<p>O IBCCES oferece treinamentos concentrados na consci\u00eancia sensorial e na sensibilidade geral em rela\u00e7\u00e3o \u00e0s pessoas autistas. Eles tamb\u00e9m realizam ocasionalmente visitas presenciais a hot\u00e9is e cidades parceiras, para ajudar a identificar novas oportunidades de receber viajantes autistas.<\/p>\n<p>O objetivo da organiza\u00e7\u00e3o \u00e9 ajudar os destinos a receber melhor as pessoas autistas e auxiliar os profissionais do setor de turismo a compreender melhor as necessidades de acessibilidade.<\/p>\n<p>Ap\u00f3s o t\u00e9rmino do treinamento, a organiza\u00e7\u00e3o oferece certifica\u00e7\u00f5es e a inclus\u00e3o das empresas no site Autism Travel (em ingl\u00eas), que relaciona destinos e atra\u00e7\u00f5es que o IBCCES considera &#8220;certificados para pessoas autistas&#8221;.<\/p>\n<p>O IBCCES oferece certifica\u00e7\u00f5es para restaurantes, lojas e atra\u00e7\u00f5es tur\u00edsticas \u2013 os chamados &#8220;Centros Certificados de Autismo&#8221; \u2013 al\u00e9m de destinos e cidades.<\/p>\n<p>Os &#8220;Destinos Certificados de Autismo&#8221; s\u00e3o lugares em que a maior parte das organiza\u00e7\u00f5es relacionadas ao turismo da regi\u00e3o j\u00e1 passaram por treinamento. J\u00e1 as &#8220;Cidades Certificadas de Autismo&#8221; s\u00e3o locais em que empresas e organiza\u00e7\u00f5es de toda a cidade foram certificadas.<\/p>\n<p>O destino mais recente a receber a certifica\u00e7\u00e3o \u00e9 Traverse City, no Estado americano de Michigan. O local foi certificado em agosto de 2024.<\/p>\n<p>Traverse City \u00e9 conhecida pelo seu belo cen\u00e1rio natural e pela proximidade da Margem Lacustre Nacional das Dunas de Sleeping Bear.<\/p>\n<p>Segundo a chefe de opera\u00e7\u00f5es da organiza\u00e7\u00e3o Traverse City Tourism, Whitney Waara, o motivo que levou o local a obter a certifica\u00e7\u00e3o foi simplesmente o desejo de fazer com que mais pessoas pudessem desfrutar da cidade.<\/p>\n<p>&#8220;N\u00f3s realmente trabalhamos para tentar fazer com que o nosso destino receba a todos&#8221;, ela conta. &#8220;Garantir que estejamos preparados para atender a todos os turistas que chegarem, com todas as suas necessidades, tem sido uma prioridade importante para n\u00f3s nos \u00faltimos anos.&#8221;<\/p>\n<p>A iniciativa foi um projeto particularmente empolgante para Craig Hadley, diretor-executivo do Museu Dennos, em Traverse City. O filho de Hadley est\u00e1 no espectro autista e aparece no v\u00eddeo promocional da cidade que anuncia sua recente certifica\u00e7\u00e3o.<\/p>\n<p>&#8220;Parece algo simples, mas, como pai, significa muito saber que a pessoa com quem voc\u00ea est\u00e1 falando entende o contexto e por que aquele recurso \u00e9 importante para aquela fam\u00edlia&#8221;, declarou Hadley \u00e0 BBC.<\/p>\n<p>O museu participou do processo de certifica\u00e7\u00e3o, treinando funcion\u00e1rios e criando instala\u00e7\u00f5es adequadas para pessoas autistas, como espa\u00e7os silenciosos, mapas sensoriais e fones de ouvido com cancelamento de ru\u00eddo, que ficam dispon\u00edveis para os visitantes particularmente sens\u00edveis aos sons, como \u00e9 o caso de muitas pessoas autistas.<\/p>\n<p>O Museu Dennos tamb\u00e9m planejou eventos para pessoas autistas, como seu Halloween para Todos, em espa\u00e7os com acessibilidade sensorial.<\/p>\n<p>Traverse City se inspirou na cidade de Mesa, no Arizona \u2013 a primeira cidade amiga das pessoas autistas dos Estados Unidos, certificada pelo IBCCES em 2019.<\/p>\n<p>O que come\u00e7ou como uma iniciativa do conselho de turismo da cidade, criada com base na experi\u00eancia do seu CEO (diretor-executivo) como pai de uma crian\u00e7a autista, cresceu rapidamente \u2013 e passou a ser um movimento municipal, quando o prefeito tomou conhecimento dos planos.<\/p>\n<p>&#8220;N\u00f3s encabe\u00e7amos o projeto e, naturalmente, informamos o prefeito e as autoridades municipais. Ele simplesmente cresceu de forma org\u00e2nica&#8221;, diz a vice-presidente de defesa e experi\u00eancia no destino da organiza\u00e7\u00e3o Visit Mesa, Alison Brooks.<\/p>\n<p>&#8220;Acho que foi uma daquelas coisas que surgiram no momento perfeito. Muitas pessoas [s\u00e3o] afetadas pelo autismo de alguma forma. Por isso, \u00e9 claro que sab\u00edamos que esta era a coisa certa a fazer.&#8221;<\/p>\n<p>Para que toda a cidade fosse certificada, Mesa precisou que pelo menos tr\u00eas empresas e organiza\u00e7\u00f5es em diferentes setores \u2013 especificamente, turismo, educa\u00e7\u00e3o e assist\u00eancia m\u00e9dica \u2013 passassem pelo processo. Mas muitas outras empresas da cidade se inscreveram \u2013 tantas, na verdade, que Mesa agora oferece um passaporte chamado &#8220;Viva a Vida Sem Limites&#8221;, que relaciona todos os centros certificados da cidade, como hot\u00e9is, restaurantes e atra\u00e7\u00f5es tur\u00edsticas.<\/p>\n<p>A p\u00e1gina\u00a0<a href=\"https:\/\/www.visitmesa.com\/ipw\/autism-travel\/\">Viagem com Autismo (em ingl\u00eas)<\/a>\u00a0do website da Visit Mesa tamb\u00e9m oferece guias sensoriais gratuitos para sete dos destinos mais populares da cidade. Eles podem ser baixados e observados online antes da visita.<\/p>\n<p>&nbsp;<\/p>\n<p>&#8220;Quase todos os dias, encontro algu\u00e9m que n\u00e3o sabia que [a cidade] foi certificada&#8221;, diz Brooks. &#8220;Mas, sempre que falo com os moradores&#8230; eles ficam com essa sensa\u00e7\u00e3o de orgulho.&#8221;<\/p>\n<p>Para Magro, observar a disposi\u00e7\u00e3o cada vez maior entre as cidades e destinos de aprender sobre o autismo e melhorar as acomoda\u00e7\u00f5es para turistas neurodivergentes \u00e9 um sinal positivo.<\/p>\n<p>&#8220;Espero realmente que n\u00e3o seja uma moda, mas uma [nova] realidade e que mais pessoas da nossa comunidade sejam recebidas de bra\u00e7os abertos.&#8221; (Fonte: BBC News)<\/p>\n<p>&nbsp;<\/p>\n","protected":false},"excerpt":{"rendered":"<p>O desconforto causado por longas filas de embarque, atrasos de voos, trens lotados e congestionamentos de tr\u00e2nsito pode fazer com que\u00a0viajar\u00a0se torne uma prova\u00e7\u00e3o. E, para algumas pessoas, o estresse das viagens pode ser ainda mais forte. Espa\u00e7os barulhentos e lotados de pessoas, intera\u00e7\u00f5es sociais complicadas e s\u00fabitas mudan\u00e7as de rotina s\u00e3o fortes desafios para [&hellip;]<\/p>\n","protected":false},"author":2,"featured_media":10574,"comment_status":"closed","ping_status":"closed","sticky":false,"template":"","format":"standard","meta":{"iawp_total_views":2,"footnotes":""},"categories":[24],"tags":[],"class_list":["post-10573","post","type-post","status-publish","format-standard","has-post-thumbnail","hentry","category-cotidiano"],"yoast_head":"<!-- This site is optimized with the Yoast SEO plugin v27.3 - https:\/\/yoast.com\/product\/yoast-seo-wordpress\/ -->\n<title>Os destinos tur\u00edsticos pensados para receber pessoas autistas &#8902; Blog da Condessa<\/title>\n<meta name=\"robots\" content=\"index, follow, max-snippet:-1, max-image-preview:large, max-video-preview:-1\" \/>\n<link rel=\"canonical\" href=\"https:\/\/blogdacondessa.com.br\/blog\/cotidiano\/os-destinos-turisticos-pensados-para-receber-pessoas-autistas\/\" \/>\n<meta property=\"og:locale\" content=\"pt_BR\" \/>\n<meta property=\"og:type\" content=\"article\" \/>\n<meta property=\"og:title\" content=\"Os destinos tur\u00edsticos pensados para receber pessoas autistas &#8902; Blog da Condessa\" \/>\n<meta property=\"og:description\" content=\"O desconforto causado por longas filas de embarque, atrasos de voos, trens lotados e congestionamentos de tr\u00e2nsito pode fazer com que\u00a0viajar\u00a0se torne uma prova\u00e7\u00e3o. E, para algumas pessoas, o estresse das viagens pode ser ainda mais forte. Espa\u00e7os barulhentos e lotados de pessoas, intera\u00e7\u00f5es sociais complicadas e s\u00fabitas mudan\u00e7as de rotina s\u00e3o fortes desafios para [&hellip;]\" \/>\n<meta property=\"og:url\" content=\"https:\/\/blogdacondessa.com.br\/blog\/cotidiano\/os-destinos-turisticos-pensados-para-receber-pessoas-autistas\/\" \/>\n<meta property=\"og:site_name\" content=\"Blog da Condessa\" \/>\n<meta property=\"article:published_time\" content=\"2024-10-14T09:00:28+00:00\" \/>\n<meta property=\"og:image\" content=\"https:\/\/blogdacondessa.com.br\/blog\/wp-content\/uploads\/2024\/10\/autismo.webp\" \/>\n\t<meta property=\"og:image:width\" content=\"800\" \/>\n\t<meta property=\"og:image:height\" content=\"450\" \/>\n\t<meta property=\"og:image:type\" content=\"image\/webp\" \/>\n<meta name=\"author\" content=\"Blog da Condessa\" \/>\n<meta name=\"twitter:card\" content=\"summary_large_image\" \/>\n<meta name=\"twitter:label1\" content=\"Escrito por\" \/>\n\t<meta name=\"twitter:data1\" content=\"Blog da Condessa\" \/>\n\t<meta name=\"twitter:label2\" content=\"Est. tempo de leitura\" \/>\n\t<meta name=\"twitter:data2\" content=\"7 minutos\" \/>\n<script type=\"application\/ld+json\" class=\"yoast-schema-graph\">{\"@context\":\"https:\\\/\\\/schema.org\",\"@graph\":[{\"@type\":\"Article\",\"@id\":\"https:\\\/\\\/blogdacondessa.com.br\\\/blog\\\/cotidiano\\\/os-destinos-turisticos-pensados-para-receber-pessoas-autistas\\\/#article\",\"isPartOf\":{\"@id\":\"https:\\\/\\\/blogdacondessa.com.br\\\/blog\\\/cotidiano\\\/os-destinos-turisticos-pensados-para-receber-pessoas-autistas\\\/\"},\"author\":{\"name\":\"Blog da Condessa\",\"@id\":\"https:\\\/\\\/blogdacondessa.com.br\\\/blog\\\/#\\\/schema\\\/person\\\/1d667ff8b785195b568677489d266035\"},\"headline\":\"Os destinos tur\u00edsticos pensados para receber pessoas autistas\",\"datePublished\":\"2024-10-14T09:00:28+00:00\",\"mainEntityOfPage\":{\"@id\":\"https:\\\/\\\/blogdacondessa.com.br\\\/blog\\\/cotidiano\\\/os-destinos-turisticos-pensados-para-receber-pessoas-autistas\\\/\"},\"wordCount\":1239,\"image\":{\"@id\":\"https:\\\/\\\/blogdacondessa.com.br\\\/blog\\\/cotidiano\\\/os-destinos-turisticos-pensados-para-receber-pessoas-autistas\\\/#primaryimage\"},\"thumbnailUrl\":\"https:\\\/\\\/blogdacondessa.com.br\\\/blog\\\/wp-content\\\/uploads\\\/2024\\\/10\\\/autismo.webp\",\"articleSection\":[\"Cotidiano\"],\"inLanguage\":\"pt-BR\"},{\"@type\":\"WebPage\",\"@id\":\"https:\\\/\\\/blogdacondessa.com.br\\\/blog\\\/cotidiano\\\/os-destinos-turisticos-pensados-para-receber-pessoas-autistas\\\/\",\"url\":\"https:\\\/\\\/blogdacondessa.com.br\\\/blog\\\/cotidiano\\\/os-destinos-turisticos-pensados-para-receber-pessoas-autistas\\\/\",\"name\":\"Os destinos tur\u00edsticos pensados para receber pessoas autistas &#8902; Blog da Condessa\",\"isPartOf\":{\"@id\":\"https:\\\/\\\/blogdacondessa.com.br\\\/blog\\\/#website\"},\"primaryImageOfPage\":{\"@id\":\"https:\\\/\\\/blogdacondessa.com.br\\\/blog\\\/cotidiano\\\/os-destinos-turisticos-pensados-para-receber-pessoas-autistas\\\/#primaryimage\"},\"image\":{\"@id\":\"https:\\\/\\\/blogdacondessa.com.br\\\/blog\\\/cotidiano\\\/os-destinos-turisticos-pensados-para-receber-pessoas-autistas\\\/#primaryimage\"},\"thumbnailUrl\":\"https:\\\/\\\/blogdacondessa.com.br\\\/blog\\\/wp-content\\\/uploads\\\/2024\\\/10\\\/autismo.webp\",\"datePublished\":\"2024-10-14T09:00:28+00:00\",\"author\":{\"@id\":\"https:\\\/\\\/blogdacondessa.com.br\\\/blog\\\/#\\\/schema\\\/person\\\/1d667ff8b785195b568677489d266035\"},\"breadcrumb\":{\"@id\":\"https:\\\/\\\/blogdacondessa.com.br\\\/blog\\\/cotidiano\\\/os-destinos-turisticos-pensados-para-receber-pessoas-autistas\\\/#breadcrumb\"},\"inLanguage\":\"pt-BR\",\"potentialAction\":[{\"@type\":\"ReadAction\",\"target\":[\"https:\\\/\\\/blogdacondessa.com.br\\\/blog\\\/cotidiano\\\/os-destinos-turisticos-pensados-para-receber-pessoas-autistas\\\/\"]}]},{\"@type\":\"ImageObject\",\"inLanguage\":\"pt-BR\",\"@id\":\"https:\\\/\\\/blogdacondessa.com.br\\\/blog\\\/cotidiano\\\/os-destinos-turisticos-pensados-para-receber-pessoas-autistas\\\/#primaryimage\",\"url\":\"https:\\\/\\\/blogdacondessa.com.br\\\/blog\\\/wp-content\\\/uploads\\\/2024\\\/10\\\/autismo.webp\",\"contentUrl\":\"https:\\\/\\\/blogdacondessa.com.br\\\/blog\\\/wp-content\\\/uploads\\\/2024\\\/10\\\/autismo.webp\",\"width\":800,\"height\":450,\"caption\":\"Cr\u00e9dito,Visit Mesa Autism Travel\"},{\"@type\":\"BreadcrumbList\",\"@id\":\"https:\\\/\\\/blogdacondessa.com.br\\\/blog\\\/cotidiano\\\/os-destinos-turisticos-pensados-para-receber-pessoas-autistas\\\/#breadcrumb\",\"itemListElement\":[{\"@type\":\"ListItem\",\"position\":1,\"name\":\"In\u00edcio\",\"item\":\"https:\\\/\\\/blogdacondessa.com.br\\\/blog\\\/\"},{\"@type\":\"ListItem\",\"position\":2,\"name\":\"Os destinos tur\u00edsticos pensados para receber pessoas autistas\"}]},{\"@type\":\"WebSite\",\"@id\":\"https:\\\/\\\/blogdacondessa.com.br\\\/blog\\\/#website\",\"url\":\"https:\\\/\\\/blogdacondessa.com.br\\\/blog\\\/\",\"name\":\"Blog da Condessa\",\"description\":\"Com Shirley de Souza O\u2019Campos\",\"potentialAction\":[{\"@type\":\"SearchAction\",\"target\":{\"@type\":\"EntryPoint\",\"urlTemplate\":\"https:\\\/\\\/blogdacondessa.com.br\\\/blog\\\/?s={search_term_string}\"},\"query-input\":{\"@type\":\"PropertyValueSpecification\",\"valueRequired\":true,\"valueName\":\"search_term_string\"}}],\"inLanguage\":\"pt-BR\"},{\"@type\":\"Person\",\"@id\":\"https:\\\/\\\/blogdacondessa.com.br\\\/blog\\\/#\\\/schema\\\/person\\\/1d667ff8b785195b568677489d266035\",\"name\":\"Blog da Condessa\",\"image\":{\"@type\":\"ImageObject\",\"inLanguage\":\"pt-BR\",\"@id\":\"https:\\\/\\\/secure.gravatar.com\\\/avatar\\\/377c0eb8b4ad2bfc25461b41564b5971e721ca34a57642868fc7b0c8ac7b52c5?s=96&d=mm&r=g\",\"url\":\"https:\\\/\\\/secure.gravatar.com\\\/avatar\\\/377c0eb8b4ad2bfc25461b41564b5971e721ca34a57642868fc7b0c8ac7b52c5?s=96&d=mm&r=g\",\"contentUrl\":\"https:\\\/\\\/secure.gravatar.com\\\/avatar\\\/377c0eb8b4ad2bfc25461b41564b5971e721ca34a57642868fc7b0c8ac7b52c5?s=96&d=mm&r=g\",\"caption\":\"Blog da Condessa\"},\"url\":\"https:\\\/\\\/blogdacondessa.com.br\\\/blog\\\/author\\\/beatriz\\\/\"}]}<\/script>\n<!-- \/ Yoast SEO plugin. -->","yoast_head_json":{"title":"Os destinos tur\u00edsticos pensados para receber pessoas autistas &#8902; Blog da Condessa","robots":{"index":"index","follow":"follow","max-snippet":"max-snippet:-1","max-image-preview":"max-image-preview:large","max-video-preview":"max-video-preview:-1"},"canonical":"https:\/\/blogdacondessa.com.br\/blog\/cotidiano\/os-destinos-turisticos-pensados-para-receber-pessoas-autistas\/","og_locale":"pt_BR","og_type":"article","og_title":"Os destinos tur\u00edsticos pensados para receber pessoas autistas &#8902; Blog da Condessa","og_description":"O desconforto causado por longas filas de embarque, atrasos de voos, trens lotados e congestionamentos de tr\u00e2nsito pode fazer com que\u00a0viajar\u00a0se torne uma prova\u00e7\u00e3o. E, para algumas pessoas, o estresse das viagens pode ser ainda mais forte. Espa\u00e7os barulhentos e lotados de pessoas, intera\u00e7\u00f5es sociais complicadas e s\u00fabitas mudan\u00e7as de rotina s\u00e3o fortes desafios para [&hellip;]","og_url":"https:\/\/blogdacondessa.com.br\/blog\/cotidiano\/os-destinos-turisticos-pensados-para-receber-pessoas-autistas\/","og_site_name":"Blog da Condessa","article_published_time":"2024-10-14T09:00:28+00:00","og_image":[{"width":800,"height":450,"url":"https:\/\/blogdacondessa.com.br\/blog\/wp-content\/uploads\/2024\/10\/autismo.webp","type":"image\/webp"}],"author":"Blog da Condessa","twitter_card":"summary_large_image","twitter_misc":{"Escrito por":"Blog da Condessa","Est. tempo de leitura":"7 minutos"},"schema":{"@context":"https:\/\/schema.org","@graph":[{"@type":"Article","@id":"https:\/\/blogdacondessa.com.br\/blog\/cotidiano\/os-destinos-turisticos-pensados-para-receber-pessoas-autistas\/#article","isPartOf":{"@id":"https:\/\/blogdacondessa.com.br\/blog\/cotidiano\/os-destinos-turisticos-pensados-para-receber-pessoas-autistas\/"},"author":{"name":"Blog da Condessa","@id":"https:\/\/blogdacondessa.com.br\/blog\/#\/schema\/person\/1d667ff8b785195b568677489d266035"},"headline":"Os destinos tur\u00edsticos pensados para receber pessoas autistas","datePublished":"2024-10-14T09:00:28+00:00","mainEntityOfPage":{"@id":"https:\/\/blogdacondessa.com.br\/blog\/cotidiano\/os-destinos-turisticos-pensados-para-receber-pessoas-autistas\/"},"wordCount":1239,"image":{"@id":"https:\/\/blogdacondessa.com.br\/blog\/cotidiano\/os-destinos-turisticos-pensados-para-receber-pessoas-autistas\/#primaryimage"},"thumbnailUrl":"https:\/\/blogdacondessa.com.br\/blog\/wp-content\/uploads\/2024\/10\/autismo.webp","articleSection":["Cotidiano"],"inLanguage":"pt-BR"},{"@type":"WebPage","@id":"https:\/\/blogdacondessa.com.br\/blog\/cotidiano\/os-destinos-turisticos-pensados-para-receber-pessoas-autistas\/","url":"https:\/\/blogdacondessa.com.br\/blog\/cotidiano\/os-destinos-turisticos-pensados-para-receber-pessoas-autistas\/","name":"Os destinos tur\u00edsticos pensados para receber pessoas autistas &#8902; Blog da Condessa","isPartOf":{"@id":"https:\/\/blogdacondessa.com.br\/blog\/#website"},"primaryImageOfPage":{"@id":"https:\/\/blogdacondessa.com.br\/blog\/cotidiano\/os-destinos-turisticos-pensados-para-receber-pessoas-autistas\/#primaryimage"},"image":{"@id":"https:\/\/blogdacondessa.com.br\/blog\/cotidiano\/os-destinos-turisticos-pensados-para-receber-pessoas-autistas\/#primaryimage"},"thumbnailUrl":"https:\/\/blogdacondessa.com.br\/blog\/wp-content\/uploads\/2024\/10\/autismo.webp","datePublished":"2024-10-14T09:00:28+00:00","author":{"@id":"https:\/\/blogdacondessa.com.br\/blog\/#\/schema\/person\/1d667ff8b785195b568677489d266035"},"breadcrumb":{"@id":"https:\/\/blogdacondessa.com.br\/blog\/cotidiano\/os-destinos-turisticos-pensados-para-receber-pessoas-autistas\/#breadcrumb"},"inLanguage":"pt-BR","potentialAction":[{"@type":"ReadAction","target":["https:\/\/blogdacondessa.com.br\/blog\/cotidiano\/os-destinos-turisticos-pensados-para-receber-pessoas-autistas\/"]}]},{"@type":"ImageObject","inLanguage":"pt-BR","@id":"https:\/\/blogdacondessa.com.br\/blog\/cotidiano\/os-destinos-turisticos-pensados-para-receber-pessoas-autistas\/#primaryimage","url":"https:\/\/blogdacondessa.com.br\/blog\/wp-content\/uploads\/2024\/10\/autismo.webp","contentUrl":"https:\/\/blogdacondessa.com.br\/blog\/wp-content\/uploads\/2024\/10\/autismo.webp","width":800,"height":450,"caption":"Cr\u00e9dito,Visit Mesa Autism Travel"},{"@type":"BreadcrumbList","@id":"https:\/\/blogdacondessa.com.br\/blog\/cotidiano\/os-destinos-turisticos-pensados-para-receber-pessoas-autistas\/#breadcrumb","itemListElement":[{"@type":"ListItem","position":1,"name":"In\u00edcio","item":"https:\/\/blogdacondessa.com.br\/blog\/"},{"@type":"ListItem","position":2,"name":"Os destinos tur\u00edsticos pensados para receber pessoas autistas"}]},{"@type":"WebSite","@id":"https:\/\/blogdacondessa.com.br\/blog\/#website","url":"https:\/\/blogdacondessa.com.br\/blog\/","name":"Blog da Condessa","description":"Com Shirley de Souza O\u2019Campos","potentialAction":[{"@type":"SearchAction","target":{"@type":"EntryPoint","urlTemplate":"https:\/\/blogdacondessa.com.br\/blog\/?s={search_term_string}"},"query-input":{"@type":"PropertyValueSpecification","valueRequired":true,"valueName":"search_term_string"}}],"inLanguage":"pt-BR"},{"@type":"Person","@id":"https:\/\/blogdacondessa.com.br\/blog\/#\/schema\/person\/1d667ff8b785195b568677489d266035","name":"Blog da Condessa","image":{"@type":"ImageObject","inLanguage":"pt-BR","@id":"https:\/\/secure.gravatar.com\/avatar\/377c0eb8b4ad2bfc25461b41564b5971e721ca34a57642868fc7b0c8ac7b52c5?s=96&d=mm&r=g","url":"https:\/\/secure.gravatar.com\/avatar\/377c0eb8b4ad2bfc25461b41564b5971e721ca34a57642868fc7b0c8ac7b52c5?s=96&d=mm&r=g","contentUrl":"https:\/\/secure.gravatar.com\/avatar\/377c0eb8b4ad2bfc25461b41564b5971e721ca34a57642868fc7b0c8ac7b52c5?s=96&d=mm&r=g","caption":"Blog da Condessa"},"url":"https:\/\/blogdacondessa.com.br\/blog\/author\/beatriz\/"}]}},"_links":{"self":[{"href":"https:\/\/blogdacondessa.com.br\/blog\/wp-json\/wp\/v2\/posts\/10573","targetHints":{"allow":["GET"]}}],"collection":[{"href":"https:\/\/blogdacondessa.com.br\/blog\/wp-json\/wp\/v2\/posts"}],"about":[{"href":"https:\/\/blogdacondessa.com.br\/blog\/wp-json\/wp\/v2\/types\/post"}],"author":[{"embeddable":true,"href":"https:\/\/blogdacondessa.com.br\/blog\/wp-json\/wp\/v2\/users\/2"}],"replies":[{"embeddable":true,"href":"https:\/\/blogdacondessa.com.br\/blog\/wp-json\/wp\/v2\/comments?post=10573"}],"version-history":[{"count":0,"href":"https:\/\/blogdacondessa.com.br\/blog\/wp-json\/wp\/v2\/posts\/10573\/revisions"}],"wp:featuredmedia":[{"embeddable":true,"href":"https:\/\/blogdacondessa.com.br\/blog\/wp-json\/wp\/v2\/media\/10574"}],"wp:attachment":[{"href":"https:\/\/blogdacondessa.com.br\/blog\/wp-json\/wp\/v2\/media?parent=10573"}],"wp:term":[{"taxonomy":"category","embeddable":true,"href":"https:\/\/blogdacondessa.com.br\/blog\/wp-json\/wp\/v2\/categories?post=10573"},{"taxonomy":"post_tag","embeddable":true,"href":"https:\/\/blogdacondessa.com.br\/blog\/wp-json\/wp\/v2\/tags?post=10573"}],"curies":[{"name":"wp","href":"https:\/\/api.w.org\/{rel}","templated":true}]}}