{"id":10527,"date":"2024-10-09T05:00:58","date_gmt":"2024-10-09T09:00:58","guid":{"rendered":"https:\/\/blogdacondessa.com.br\/blog\/?p=10527"},"modified":"2024-10-08T17:28:35","modified_gmt":"2024-10-08T21:28:35","slug":"espetaculo-musical-celebra-o-dia-das-criancas","status":"publish","type":"post","link":"https:\/\/blogdacondessa.com.br\/blog\/cultura\/espetaculo-musical-celebra-o-dia-das-criancas\/","title":{"rendered":"Espet\u00e1culo musical celebra o Dia das Crian\u00e7as"},"content":{"rendered":"<p>O Teatro do Cerrado Zulmira Canavarros ser\u00e1 palco de uma apresenta\u00e7\u00e3o especial em celebra\u00e7\u00e3o ao Dia das Crian\u00e7as. No dia 10 de outubro, integrantes do Coro Cirandinha e do Coro Primeira Ciranda, do Instituto Ciranda, se re\u00fanem para um espet\u00e1culo musical emocionante.<\/p>\n<p>Sob a reg\u00eancia de Gleicy Paniago, os grupos trazem um repert\u00f3rio que vai da m\u00fasica infantil \u00e0 MPB, e promete encantar o p\u00fablico. O Coro Cirandinha, formado por crian\u00e7as de 06 a 12 anos, apresentar\u00e1 o musical Os Quatro M\u00fasicos, uma adapta\u00e7\u00e3o do conhecido conto Os M\u00fasicos de Bremen.<\/p>\n<p>J\u00e1 o Coro Primeira Ciranda, formado por adolescentes do Instituto Ciranda, vai interpretar can\u00e7\u00f5es conhecidas como Roda viva (Chico Buarque), Maria, Maria (Milton nascimento), O Trenzinho do Caipira (Villa-Lobos), entre outras. Uma oportunidade \u00fanica para celebrar essa data t\u00e3o especial, unindo a comunidade em um ambiente festivo e cultural.<\/p>\n<p>Ao todo, cerca de 40 crian\u00e7as e adolescentes participam do espet\u00e1culo. Os pequenos cantores e cantoras estar\u00e3o muito bem acompanhados, por m\u00fasicos do Instituto Ciranda na banda base. Na ocasi\u00e3o, v\u00e3o mostrar um pouco do trabalho que v\u00eam desenvolvendo ao longo do ano.<\/p>\n<p>Os ingressos j\u00e1 est\u00e3o dispon\u00edveis no Instituto Ciranda e a expectativa \u00e9 de casa cheia, com pais, familiares e amigos se reunindo para apreciar a magia da m\u00fasica. \u201cAs crian\u00e7as est\u00e3o muito ansiosas e a cada ensaio a gente v\u00ea a empolga\u00e7\u00e3o das fam\u00edlias tamb\u00e9m, ent\u00e3o com certeza, vai ser muito especial\u201d, avalia Gleicy.<\/p>\n<p>Esta apresenta\u00e7\u00e3o \u00e9 uma realiza\u00e7\u00e3o do Instituto Ciranda, em parceria com o Minist\u00e9rio da Cultura, Bom Futuro, Energisa e Secretaria de Estado de Cultura, Esporte e Lazer de Mato Grosso (SECEL-MT).<\/p>\n<p><strong>Acessibilidade<br \/>\n<\/strong><br \/>\nOs concertos do Instituto Ciranda disp\u00f5em de acessibilidade para pessoas com defici\u00eancia (audiodescri\u00e7\u00e3o e int\u00e9rprete de libras).<\/p>\n<p><strong>Servi\u00e7o<br \/>\n<\/strong>Coro Cirandinha e Coro Primeira Ciranda \u2013 Especial Dia das Crian\u00e7as<br \/>\nQuando: 10\/10<br \/>\nOnde: Teatro do Cerrado Zulmira Canavarros<br \/>\nHor\u00e1rio: 20h00<br \/>\nIngresso social: 1kg de alimento n\u00e3o perec\u00edvel + R$2,00<br \/>\nPonto de troca dos ingressos: sede do Instituto Ciranda &#8211; Casa de Bembem, Rua Bar\u00e3o de Melga\u00e7o, n\u00famero 3963, Centro Norte, Cuiab\u00e1<\/p>\n<p>&nbsp;<\/p>\n","protected":false},"excerpt":{"rendered":"<p>O Teatro do Cerrado Zulmira Canavarros ser\u00e1 palco de uma apresenta\u00e7\u00e3o especial em celebra\u00e7\u00e3o ao Dia das Crian\u00e7as. No dia 10 de outubro, integrantes do Coro Cirandinha e do Coro Primeira Ciranda, do Instituto Ciranda, se re\u00fanem para um espet\u00e1culo musical emocionante. Sob a reg\u00eancia de Gleicy Paniago, os grupos trazem um repert\u00f3rio que vai [&hellip;]<\/p>\n","protected":false},"author":2,"featured_media":10528,"comment_status":"closed","ping_status":"closed","sticky":false,"template":"","format":"standard","meta":{"iawp_total_views":0,"footnotes":""},"categories":[18],"tags":[],"class_list":["post-10527","post","type-post","status-publish","format-standard","has-post-thumbnail","hentry","category-cultura"],"yoast_head":"<!-- This site is optimized with the Yoast SEO plugin v27.3 - https:\/\/yoast.com\/product\/yoast-seo-wordpress\/ -->\n<title>Espet\u00e1culo musical celebra o Dia das Crian\u00e7as &#8902; Blog da Condessa<\/title>\n<meta name=\"robots\" content=\"index, follow, max-snippet:-1, max-image-preview:large, max-video-preview:-1\" \/>\n<link rel=\"canonical\" href=\"https:\/\/blogdacondessa.com.br\/blog\/cultura\/espetaculo-musical-celebra-o-dia-das-criancas\/\" \/>\n<meta property=\"og:locale\" content=\"pt_BR\" \/>\n<meta property=\"og:type\" content=\"article\" \/>\n<meta property=\"og:title\" content=\"Espet\u00e1culo musical celebra o Dia das Crian\u00e7as &#8902; Blog da Condessa\" \/>\n<meta property=\"og:description\" content=\"O Teatro do Cerrado Zulmira Canavarros ser\u00e1 palco de uma apresenta\u00e7\u00e3o especial em celebra\u00e7\u00e3o ao Dia das Crian\u00e7as. No dia 10 de outubro, integrantes do Coro Cirandinha e do Coro Primeira Ciranda, do Instituto Ciranda, se re\u00fanem para um espet\u00e1culo musical emocionante. Sob a reg\u00eancia de Gleicy Paniago, os grupos trazem um repert\u00f3rio que vai [&hellip;]\" \/>\n<meta property=\"og:url\" content=\"https:\/\/blogdacondessa.com.br\/blog\/cultura\/espetaculo-musical-celebra-o-dia-das-criancas\/\" \/>\n<meta property=\"og:site_name\" content=\"Blog da Condessa\" \/>\n<meta property=\"article:published_time\" content=\"2024-10-09T09:00:58+00:00\" \/>\n<meta property=\"og:image\" content=\"https:\/\/blogdacondessa.com.br\/blog\/wp-content\/uploads\/2024\/10\/cirandinha.jpeg\" \/>\n\t<meta property=\"og:image:width\" content=\"920\" \/>\n\t<meta property=\"og:image:height\" content=\"613\" \/>\n\t<meta property=\"og:image:type\" content=\"image\/jpeg\" \/>\n<meta name=\"author\" content=\"Blog da Condessa\" \/>\n<meta name=\"twitter:card\" content=\"summary_large_image\" \/>\n<meta name=\"twitter:label1\" content=\"Escrito por\" \/>\n\t<meta name=\"twitter:data1\" content=\"Blog da Condessa\" \/>\n\t<meta name=\"twitter:label2\" content=\"Est. tempo de leitura\" \/>\n\t<meta name=\"twitter:data2\" content=\"3 minutos\" \/>\n<script type=\"application\/ld+json\" class=\"yoast-schema-graph\">{\"@context\":\"https:\\\/\\\/schema.org\",\"@graph\":[{\"@type\":\"Article\",\"@id\":\"https:\\\/\\\/blogdacondessa.com.br\\\/blog\\\/cultura\\\/espetaculo-musical-celebra-o-dia-das-criancas\\\/#article\",\"isPartOf\":{\"@id\":\"https:\\\/\\\/blogdacondessa.com.br\\\/blog\\\/cultura\\\/espetaculo-musical-celebra-o-dia-das-criancas\\\/\"},\"author\":{\"name\":\"Blog da Condessa\",\"@id\":\"https:\\\/\\\/blogdacondessa.com.br\\\/blog\\\/#\\\/schema\\\/person\\\/1d667ff8b785195b568677489d266035\"},\"headline\":\"Espet\u00e1culo musical celebra o Dia das Crian\u00e7as\",\"datePublished\":\"2024-10-09T09:00:58+00:00\",\"mainEntityOfPage\":{\"@id\":\"https:\\\/\\\/blogdacondessa.com.br\\\/blog\\\/cultura\\\/espetaculo-musical-celebra-o-dia-das-criancas\\\/\"},\"wordCount\":384,\"image\":{\"@id\":\"https:\\\/\\\/blogdacondessa.com.br\\\/blog\\\/cultura\\\/espetaculo-musical-celebra-o-dia-das-criancas\\\/#primaryimage\"},\"thumbnailUrl\":\"https:\\\/\\\/blogdacondessa.com.br\\\/blog\\\/wp-content\\\/uploads\\\/2024\\\/10\\\/cirandinha.jpeg\",\"articleSection\":[\"Cultura\"],\"inLanguage\":\"pt-BR\"},{\"@type\":\"WebPage\",\"@id\":\"https:\\\/\\\/blogdacondessa.com.br\\\/blog\\\/cultura\\\/espetaculo-musical-celebra-o-dia-das-criancas\\\/\",\"url\":\"https:\\\/\\\/blogdacondessa.com.br\\\/blog\\\/cultura\\\/espetaculo-musical-celebra-o-dia-das-criancas\\\/\",\"name\":\"Espet\u00e1culo musical celebra o Dia das Crian\u00e7as &#8902; Blog da Condessa\",\"isPartOf\":{\"@id\":\"https:\\\/\\\/blogdacondessa.com.br\\\/blog\\\/#website\"},\"primaryImageOfPage\":{\"@id\":\"https:\\\/\\\/blogdacondessa.com.br\\\/blog\\\/cultura\\\/espetaculo-musical-celebra-o-dia-das-criancas\\\/#primaryimage\"},\"image\":{\"@id\":\"https:\\\/\\\/blogdacondessa.com.br\\\/blog\\\/cultura\\\/espetaculo-musical-celebra-o-dia-das-criancas\\\/#primaryimage\"},\"thumbnailUrl\":\"https:\\\/\\\/blogdacondessa.com.br\\\/blog\\\/wp-content\\\/uploads\\\/2024\\\/10\\\/cirandinha.jpeg\",\"datePublished\":\"2024-10-09T09:00:58+00:00\",\"author\":{\"@id\":\"https:\\\/\\\/blogdacondessa.com.br\\\/blog\\\/#\\\/schema\\\/person\\\/1d667ff8b785195b568677489d266035\"},\"breadcrumb\":{\"@id\":\"https:\\\/\\\/blogdacondessa.com.br\\\/blog\\\/cultura\\\/espetaculo-musical-celebra-o-dia-das-criancas\\\/#breadcrumb\"},\"inLanguage\":\"pt-BR\",\"potentialAction\":[{\"@type\":\"ReadAction\",\"target\":[\"https:\\\/\\\/blogdacondessa.com.br\\\/blog\\\/cultura\\\/espetaculo-musical-celebra-o-dia-das-criancas\\\/\"]}]},{\"@type\":\"ImageObject\",\"inLanguage\":\"pt-BR\",\"@id\":\"https:\\\/\\\/blogdacondessa.com.br\\\/blog\\\/cultura\\\/espetaculo-musical-celebra-o-dia-das-criancas\\\/#primaryimage\",\"url\":\"https:\\\/\\\/blogdacondessa.com.br\\\/blog\\\/wp-content\\\/uploads\\\/2024\\\/10\\\/cirandinha.jpeg\",\"contentUrl\":\"https:\\\/\\\/blogdacondessa.com.br\\\/blog\\\/wp-content\\\/uploads\\\/2024\\\/10\\\/cirandinha.jpeg\",\"width\":920,\"height\":613,\"caption\":\"Foto: Henrique Santian\\\/Kall Kenned\"},{\"@type\":\"BreadcrumbList\",\"@id\":\"https:\\\/\\\/blogdacondessa.com.br\\\/blog\\\/cultura\\\/espetaculo-musical-celebra-o-dia-das-criancas\\\/#breadcrumb\",\"itemListElement\":[{\"@type\":\"ListItem\",\"position\":1,\"name\":\"In\u00edcio\",\"item\":\"https:\\\/\\\/blogdacondessa.com.br\\\/blog\\\/\"},{\"@type\":\"ListItem\",\"position\":2,\"name\":\"Espet\u00e1culo musical celebra o Dia das Crian\u00e7as\"}]},{\"@type\":\"WebSite\",\"@id\":\"https:\\\/\\\/blogdacondessa.com.br\\\/blog\\\/#website\",\"url\":\"https:\\\/\\\/blogdacondessa.com.br\\\/blog\\\/\",\"name\":\"Blog da Condessa\",\"description\":\"Com Shirley de Souza O\u2019Campos\",\"potentialAction\":[{\"@type\":\"SearchAction\",\"target\":{\"@type\":\"EntryPoint\",\"urlTemplate\":\"https:\\\/\\\/blogdacondessa.com.br\\\/blog\\\/?s={search_term_string}\"},\"query-input\":{\"@type\":\"PropertyValueSpecification\",\"valueRequired\":true,\"valueName\":\"search_term_string\"}}],\"inLanguage\":\"pt-BR\"},{\"@type\":\"Person\",\"@id\":\"https:\\\/\\\/blogdacondessa.com.br\\\/blog\\\/#\\\/schema\\\/person\\\/1d667ff8b785195b568677489d266035\",\"name\":\"Blog da Condessa\",\"image\":{\"@type\":\"ImageObject\",\"inLanguage\":\"pt-BR\",\"@id\":\"https:\\\/\\\/secure.gravatar.com\\\/avatar\\\/377c0eb8b4ad2bfc25461b41564b5971e721ca34a57642868fc7b0c8ac7b52c5?s=96&d=mm&r=g\",\"url\":\"https:\\\/\\\/secure.gravatar.com\\\/avatar\\\/377c0eb8b4ad2bfc25461b41564b5971e721ca34a57642868fc7b0c8ac7b52c5?s=96&d=mm&r=g\",\"contentUrl\":\"https:\\\/\\\/secure.gravatar.com\\\/avatar\\\/377c0eb8b4ad2bfc25461b41564b5971e721ca34a57642868fc7b0c8ac7b52c5?s=96&d=mm&r=g\",\"caption\":\"Blog da Condessa\"},\"url\":\"https:\\\/\\\/blogdacondessa.com.br\\\/blog\\\/author\\\/beatriz\\\/\"}]}<\/script>\n<!-- \/ Yoast SEO plugin. -->","yoast_head_json":{"title":"Espet\u00e1culo musical celebra o Dia das Crian\u00e7as &#8902; Blog da Condessa","robots":{"index":"index","follow":"follow","max-snippet":"max-snippet:-1","max-image-preview":"max-image-preview:large","max-video-preview":"max-video-preview:-1"},"canonical":"https:\/\/blogdacondessa.com.br\/blog\/cultura\/espetaculo-musical-celebra-o-dia-das-criancas\/","og_locale":"pt_BR","og_type":"article","og_title":"Espet\u00e1culo musical celebra o Dia das Crian\u00e7as &#8902; Blog da Condessa","og_description":"O Teatro do Cerrado Zulmira Canavarros ser\u00e1 palco de uma apresenta\u00e7\u00e3o especial em celebra\u00e7\u00e3o ao Dia das Crian\u00e7as. No dia 10 de outubro, integrantes do Coro Cirandinha e do Coro Primeira Ciranda, do Instituto Ciranda, se re\u00fanem para um espet\u00e1culo musical emocionante. Sob a reg\u00eancia de Gleicy Paniago, os grupos trazem um repert\u00f3rio que vai [&hellip;]","og_url":"https:\/\/blogdacondessa.com.br\/blog\/cultura\/espetaculo-musical-celebra-o-dia-das-criancas\/","og_site_name":"Blog da Condessa","article_published_time":"2024-10-09T09:00:58+00:00","og_image":[{"width":920,"height":613,"url":"https:\/\/blogdacondessa.com.br\/blog\/wp-content\/uploads\/2024\/10\/cirandinha.jpeg","type":"image\/jpeg"}],"author":"Blog da Condessa","twitter_card":"summary_large_image","twitter_misc":{"Escrito por":"Blog da Condessa","Est. tempo de leitura":"3 minutos"},"schema":{"@context":"https:\/\/schema.org","@graph":[{"@type":"Article","@id":"https:\/\/blogdacondessa.com.br\/blog\/cultura\/espetaculo-musical-celebra-o-dia-das-criancas\/#article","isPartOf":{"@id":"https:\/\/blogdacondessa.com.br\/blog\/cultura\/espetaculo-musical-celebra-o-dia-das-criancas\/"},"author":{"name":"Blog da Condessa","@id":"https:\/\/blogdacondessa.com.br\/blog\/#\/schema\/person\/1d667ff8b785195b568677489d266035"},"headline":"Espet\u00e1culo musical celebra o Dia das Crian\u00e7as","datePublished":"2024-10-09T09:00:58+00:00","mainEntityOfPage":{"@id":"https:\/\/blogdacondessa.com.br\/blog\/cultura\/espetaculo-musical-celebra-o-dia-das-criancas\/"},"wordCount":384,"image":{"@id":"https:\/\/blogdacondessa.com.br\/blog\/cultura\/espetaculo-musical-celebra-o-dia-das-criancas\/#primaryimage"},"thumbnailUrl":"https:\/\/blogdacondessa.com.br\/blog\/wp-content\/uploads\/2024\/10\/cirandinha.jpeg","articleSection":["Cultura"],"inLanguage":"pt-BR"},{"@type":"WebPage","@id":"https:\/\/blogdacondessa.com.br\/blog\/cultura\/espetaculo-musical-celebra-o-dia-das-criancas\/","url":"https:\/\/blogdacondessa.com.br\/blog\/cultura\/espetaculo-musical-celebra-o-dia-das-criancas\/","name":"Espet\u00e1culo musical celebra o Dia das Crian\u00e7as &#8902; Blog da Condessa","isPartOf":{"@id":"https:\/\/blogdacondessa.com.br\/blog\/#website"},"primaryImageOfPage":{"@id":"https:\/\/blogdacondessa.com.br\/blog\/cultura\/espetaculo-musical-celebra-o-dia-das-criancas\/#primaryimage"},"image":{"@id":"https:\/\/blogdacondessa.com.br\/blog\/cultura\/espetaculo-musical-celebra-o-dia-das-criancas\/#primaryimage"},"thumbnailUrl":"https:\/\/blogdacondessa.com.br\/blog\/wp-content\/uploads\/2024\/10\/cirandinha.jpeg","datePublished":"2024-10-09T09:00:58+00:00","author":{"@id":"https:\/\/blogdacondessa.com.br\/blog\/#\/schema\/person\/1d667ff8b785195b568677489d266035"},"breadcrumb":{"@id":"https:\/\/blogdacondessa.com.br\/blog\/cultura\/espetaculo-musical-celebra-o-dia-das-criancas\/#breadcrumb"},"inLanguage":"pt-BR","potentialAction":[{"@type":"ReadAction","target":["https:\/\/blogdacondessa.com.br\/blog\/cultura\/espetaculo-musical-celebra-o-dia-das-criancas\/"]}]},{"@type":"ImageObject","inLanguage":"pt-BR","@id":"https:\/\/blogdacondessa.com.br\/blog\/cultura\/espetaculo-musical-celebra-o-dia-das-criancas\/#primaryimage","url":"https:\/\/blogdacondessa.com.br\/blog\/wp-content\/uploads\/2024\/10\/cirandinha.jpeg","contentUrl":"https:\/\/blogdacondessa.com.br\/blog\/wp-content\/uploads\/2024\/10\/cirandinha.jpeg","width":920,"height":613,"caption":"Foto: Henrique Santian\/Kall Kenned"},{"@type":"BreadcrumbList","@id":"https:\/\/blogdacondessa.com.br\/blog\/cultura\/espetaculo-musical-celebra-o-dia-das-criancas\/#breadcrumb","itemListElement":[{"@type":"ListItem","position":1,"name":"In\u00edcio","item":"https:\/\/blogdacondessa.com.br\/blog\/"},{"@type":"ListItem","position":2,"name":"Espet\u00e1culo musical celebra o Dia das Crian\u00e7as"}]},{"@type":"WebSite","@id":"https:\/\/blogdacondessa.com.br\/blog\/#website","url":"https:\/\/blogdacondessa.com.br\/blog\/","name":"Blog da Condessa","description":"Com Shirley de Souza O\u2019Campos","potentialAction":[{"@type":"SearchAction","target":{"@type":"EntryPoint","urlTemplate":"https:\/\/blogdacondessa.com.br\/blog\/?s={search_term_string}"},"query-input":{"@type":"PropertyValueSpecification","valueRequired":true,"valueName":"search_term_string"}}],"inLanguage":"pt-BR"},{"@type":"Person","@id":"https:\/\/blogdacondessa.com.br\/blog\/#\/schema\/person\/1d667ff8b785195b568677489d266035","name":"Blog da Condessa","image":{"@type":"ImageObject","inLanguage":"pt-BR","@id":"https:\/\/secure.gravatar.com\/avatar\/377c0eb8b4ad2bfc25461b41564b5971e721ca34a57642868fc7b0c8ac7b52c5?s=96&d=mm&r=g","url":"https:\/\/secure.gravatar.com\/avatar\/377c0eb8b4ad2bfc25461b41564b5971e721ca34a57642868fc7b0c8ac7b52c5?s=96&d=mm&r=g","contentUrl":"https:\/\/secure.gravatar.com\/avatar\/377c0eb8b4ad2bfc25461b41564b5971e721ca34a57642868fc7b0c8ac7b52c5?s=96&d=mm&r=g","caption":"Blog da Condessa"},"url":"https:\/\/blogdacondessa.com.br\/blog\/author\/beatriz\/"}]}},"_links":{"self":[{"href":"https:\/\/blogdacondessa.com.br\/blog\/wp-json\/wp\/v2\/posts\/10527","targetHints":{"allow":["GET"]}}],"collection":[{"href":"https:\/\/blogdacondessa.com.br\/blog\/wp-json\/wp\/v2\/posts"}],"about":[{"href":"https:\/\/blogdacondessa.com.br\/blog\/wp-json\/wp\/v2\/types\/post"}],"author":[{"embeddable":true,"href":"https:\/\/blogdacondessa.com.br\/blog\/wp-json\/wp\/v2\/users\/2"}],"replies":[{"embeddable":true,"href":"https:\/\/blogdacondessa.com.br\/blog\/wp-json\/wp\/v2\/comments?post=10527"}],"version-history":[{"count":0,"href":"https:\/\/blogdacondessa.com.br\/blog\/wp-json\/wp\/v2\/posts\/10527\/revisions"}],"wp:featuredmedia":[{"embeddable":true,"href":"https:\/\/blogdacondessa.com.br\/blog\/wp-json\/wp\/v2\/media\/10528"}],"wp:attachment":[{"href":"https:\/\/blogdacondessa.com.br\/blog\/wp-json\/wp\/v2\/media?parent=10527"}],"wp:term":[{"taxonomy":"category","embeddable":true,"href":"https:\/\/blogdacondessa.com.br\/blog\/wp-json\/wp\/v2\/categories?post=10527"},{"taxonomy":"post_tag","embeddable":true,"href":"https:\/\/blogdacondessa.com.br\/blog\/wp-json\/wp\/v2\/tags?post=10527"}],"curies":[{"name":"wp","href":"https:\/\/api.w.org\/{rel}","templated":true}]}}