{"id":10519,"date":"2024-10-08T05:00:39","date_gmt":"2024-10-08T09:00:39","guid":{"rendered":"https:\/\/blogdacondessa.com.br\/blog\/?p=10519"},"modified":"2024-10-07T19:17:40","modified_gmt":"2024-10-07T23:17:40","slug":"presidente-do-crm-mt-e-empossado-como-conselheiro-federal","status":"publish","type":"post","link":"https:\/\/blogdacondessa.com.br\/blog\/institucional\/presidente-do-crm-mt-e-empossado-como-conselheiro-federal\/","title":{"rendered":"Presidente do CRM-MT \u00e9 empossado como conselheiro federal"},"content":{"rendered":"<p>O presidente do conselho Regional de Medicina de Mato Grosso (CRM-MT), Diogo Sampaio, e o conselheiro Luciano Aquino tomaram posse como conselheiro federal efetivo e suplente, respectivamente, no Conselho Federal de Medicina (CFM). A solenidade foi realizada na ter\u00e7a-feira (01.10), em Bras\u00edlia. Eles ir\u00e3o representar o Estado de Mato Grosso nas decis\u00f5es da Autarquia federal, durante a gest\u00e3o 2024-2029.<\/p>\n<p>Sampaio e Aquino foram eleitos pelos m\u00e9dicos mato-grossenses nas Elei\u00e7\u00f5es CFM 2024, realizadas em agosto. Para eles, o resultado do pleito \u00e9 uma demonstra\u00e7\u00e3o de confian\u00e7a em seus trabalhos.<\/p>\n<p>\u201cEstamos honrados em poder representar os m\u00e9dicos de nosso Estado para que possamos continuar lutando por uma medicina \u00e9tica e de qualidade\u201d, afirmou Sampaio, que tamb\u00e9m se manter\u00e1 como presidente do CRM-MT.<\/p>\n<p>\u201cAgradecemos a todos que confiaram em n\u00f3s para represent\u00e1-los nos pr\u00f3ximos cinco anos no CFM. Teremos muito trabalho pela frente, mas estamos motivados em fazer o melhor\u201d, acrescentou Aquino.<\/p>\n<p>Os conselheiros empossados reelegeram, por unanimidade, Jos\u00e9 Hiran da Silva Gallo para presidir o CFM. Em seu discurso de posse, ele enalteceu a qualidade dos conselheiros e ressaltou o compromisso de todos eles para efetivar uma medicina de qualidade.<\/p>\n<p>\u201cEsse grupo seleto de homens e mulheres, legitimamente eleito numa vota\u00e7\u00e3o ampla e transparente, est\u00e1 unido por um tra\u00e7o comum, o desejo mais sincero de somar, de todas as formas poss\u00edveis, para que todos os brasileiros tenham vida e sa\u00fade de qualidade\u201d, salientou.<\/p>\n<p>Mais de 500 convidados prestigiaram a solenidade, incluindo representantes de entidades como a Confedera\u00e7\u00e3o Nacional dos Bispos do Brasil (CNBB); a Ag\u00eancia Nacional de Sa\u00fade Suplementar (ANS); o Conselho Federal da Ordem dos Advogados do Brasil (OAB); a Federa\u00e7\u00e3o Nacional dos M\u00e9dicos (Fenam); a Associa\u00e7\u00e3o Nacional dos M\u00e9dicos Residentes (ANMR); a Associa\u00e7\u00e3o M\u00e9dica Brasileira (AMB); e a Federa\u00e7\u00e3o M\u00e9dica Brasileira (FMB).<\/p>\n<p><strong>Atribui\u00e7\u00f5es<\/strong><\/p>\n<p>Entre as atividades dos novos membros, est\u00e3o a aprova\u00e7\u00e3o de resolu\u00e7\u00f5es, pareceres e recomenda\u00e7\u00f5es. Os conselheiros tamb\u00e9m fazem o julgamento de processos \u00e9ticos e atuam no desenvolvimento de solu\u00e7\u00f5es que beneficiam o trabalho dos m\u00e9dicos e o atendimento dos pacientes.<\/p>\n<p>Al\u00e9m disso, atuam fortemente no campo pol\u00edtico, buscando sensibilizar parlamentares, gestores e membros do Judici\u00e1rio em favor de temas de interesse da categoria, como o fim da abertura desenfreada de escolas m\u00e9dicas, a valoriza\u00e7\u00e3o dos profissionais e a oferta de melhores condi\u00e7\u00f5es de trabalho nas redes p\u00fablica e privada.<\/p>\n","protected":false},"excerpt":{"rendered":"<p>O presidente do conselho Regional de Medicina de Mato Grosso (CRM-MT), Diogo Sampaio, e o conselheiro Luciano Aquino tomaram posse como conselheiro federal efetivo e suplente, respectivamente, no Conselho Federal de Medicina (CFM). A solenidade foi realizada na ter\u00e7a-feira (01.10), em Bras\u00edlia. Eles ir\u00e3o representar o Estado de Mato Grosso nas decis\u00f5es da Autarquia federal, [&hellip;]<\/p>\n","protected":false},"author":2,"featured_media":10520,"comment_status":"closed","ping_status":"closed","sticky":false,"template":"","format":"standard","meta":{"iawp_total_views":20,"footnotes":""},"categories":[13],"tags":[],"class_list":["post-10519","post","type-post","status-publish","format-standard","has-post-thumbnail","hentry","category-institucional"],"yoast_head":"<!-- This site is optimized with the Yoast SEO plugin v27.3 - https:\/\/yoast.com\/product\/yoast-seo-wordpress\/ -->\n<title>Presidente do CRM-MT \u00e9 empossado como conselheiro federal &#8902; Blog da Condessa<\/title>\n<meta name=\"robots\" content=\"index, follow, max-snippet:-1, max-image-preview:large, max-video-preview:-1\" \/>\n<link rel=\"canonical\" href=\"https:\/\/blogdacondessa.com.br\/blog\/institucional\/presidente-do-crm-mt-e-empossado-como-conselheiro-federal\/\" \/>\n<meta property=\"og:locale\" content=\"pt_BR\" \/>\n<meta property=\"og:type\" content=\"article\" \/>\n<meta property=\"og:title\" content=\"Presidente do CRM-MT \u00e9 empossado como conselheiro federal &#8902; Blog da Condessa\" \/>\n<meta property=\"og:description\" content=\"O presidente do conselho Regional de Medicina de Mato Grosso (CRM-MT), Diogo Sampaio, e o conselheiro Luciano Aquino tomaram posse como conselheiro federal efetivo e suplente, respectivamente, no Conselho Federal de Medicina (CFM). A solenidade foi realizada na ter\u00e7a-feira (01.10), em Bras\u00edlia. Eles ir\u00e3o representar o Estado de Mato Grosso nas decis\u00f5es da Autarquia federal, [&hellip;]\" \/>\n<meta property=\"og:url\" content=\"https:\/\/blogdacondessa.com.br\/blog\/institucional\/presidente-do-crm-mt-e-empossado-como-conselheiro-federal\/\" \/>\n<meta property=\"og:site_name\" content=\"Blog da Condessa\" \/>\n<meta property=\"article:published_time\" content=\"2024-10-08T09:00:39+00:00\" \/>\n<meta property=\"og:image\" content=\"https:\/\/blogdacondessa.com.br\/blog\/wp-content\/uploads\/2024\/10\/CRM-MT.jpeg\" \/>\n\t<meta property=\"og:image:width\" content=\"1200\" \/>\n\t<meta property=\"og:image:height\" content=\"800\" \/>\n\t<meta property=\"og:image:type\" content=\"image\/jpeg\" \/>\n<meta name=\"author\" content=\"Blog da Condessa\" \/>\n<meta name=\"twitter:card\" content=\"summary_large_image\" \/>\n<meta name=\"twitter:label1\" content=\"Escrito por\" \/>\n\t<meta name=\"twitter:data1\" content=\"Blog da Condessa\" \/>\n\t<meta name=\"twitter:label2\" content=\"Est. tempo de leitura\" \/>\n\t<meta name=\"twitter:data2\" content=\"3 minutos\" \/>\n<script type=\"application\/ld+json\" class=\"yoast-schema-graph\">{\"@context\":\"https:\\\/\\\/schema.org\",\"@graph\":[{\"@type\":\"Article\",\"@id\":\"https:\\\/\\\/blogdacondessa.com.br\\\/blog\\\/institucional\\\/presidente-do-crm-mt-e-empossado-como-conselheiro-federal\\\/#article\",\"isPartOf\":{\"@id\":\"https:\\\/\\\/blogdacondessa.com.br\\\/blog\\\/institucional\\\/presidente-do-crm-mt-e-empossado-como-conselheiro-federal\\\/\"},\"author\":{\"name\":\"Blog da Condessa\",\"@id\":\"https:\\\/\\\/blogdacondessa.com.br\\\/blog\\\/#\\\/schema\\\/person\\\/1d667ff8b785195b568677489d266035\"},\"headline\":\"Presidente do CRM-MT \u00e9 empossado como conselheiro federal\",\"datePublished\":\"2024-10-08T09:00:39+00:00\",\"mainEntityOfPage\":{\"@id\":\"https:\\\/\\\/blogdacondessa.com.br\\\/blog\\\/institucional\\\/presidente-do-crm-mt-e-empossado-como-conselheiro-federal\\\/\"},\"wordCount\":429,\"image\":{\"@id\":\"https:\\\/\\\/blogdacondessa.com.br\\\/blog\\\/institucional\\\/presidente-do-crm-mt-e-empossado-como-conselheiro-federal\\\/#primaryimage\"},\"thumbnailUrl\":\"https:\\\/\\\/blogdacondessa.com.br\\\/blog\\\/wp-content\\\/uploads\\\/2024\\\/10\\\/CRM-MT.jpeg\",\"articleSection\":[\"Institucional\"],\"inLanguage\":\"pt-BR\"},{\"@type\":\"WebPage\",\"@id\":\"https:\\\/\\\/blogdacondessa.com.br\\\/blog\\\/institucional\\\/presidente-do-crm-mt-e-empossado-como-conselheiro-federal\\\/\",\"url\":\"https:\\\/\\\/blogdacondessa.com.br\\\/blog\\\/institucional\\\/presidente-do-crm-mt-e-empossado-como-conselheiro-federal\\\/\",\"name\":\"Presidente do CRM-MT \u00e9 empossado como conselheiro federal &#8902; Blog da Condessa\",\"isPartOf\":{\"@id\":\"https:\\\/\\\/blogdacondessa.com.br\\\/blog\\\/#website\"},\"primaryImageOfPage\":{\"@id\":\"https:\\\/\\\/blogdacondessa.com.br\\\/blog\\\/institucional\\\/presidente-do-crm-mt-e-empossado-como-conselheiro-federal\\\/#primaryimage\"},\"image\":{\"@id\":\"https:\\\/\\\/blogdacondessa.com.br\\\/blog\\\/institucional\\\/presidente-do-crm-mt-e-empossado-como-conselheiro-federal\\\/#primaryimage\"},\"thumbnailUrl\":\"https:\\\/\\\/blogdacondessa.com.br\\\/blog\\\/wp-content\\\/uploads\\\/2024\\\/10\\\/CRM-MT.jpeg\",\"datePublished\":\"2024-10-08T09:00:39+00:00\",\"author\":{\"@id\":\"https:\\\/\\\/blogdacondessa.com.br\\\/blog\\\/#\\\/schema\\\/person\\\/1d667ff8b785195b568677489d266035\"},\"breadcrumb\":{\"@id\":\"https:\\\/\\\/blogdacondessa.com.br\\\/blog\\\/institucional\\\/presidente-do-crm-mt-e-empossado-como-conselheiro-federal\\\/#breadcrumb\"},\"inLanguage\":\"pt-BR\",\"potentialAction\":[{\"@type\":\"ReadAction\",\"target\":[\"https:\\\/\\\/blogdacondessa.com.br\\\/blog\\\/institucional\\\/presidente-do-crm-mt-e-empossado-como-conselheiro-federal\\\/\"]}]},{\"@type\":\"ImageObject\",\"inLanguage\":\"pt-BR\",\"@id\":\"https:\\\/\\\/blogdacondessa.com.br\\\/blog\\\/institucional\\\/presidente-do-crm-mt-e-empossado-como-conselheiro-federal\\\/#primaryimage\",\"url\":\"https:\\\/\\\/blogdacondessa.com.br\\\/blog\\\/wp-content\\\/uploads\\\/2024\\\/10\\\/CRM-MT.jpeg\",\"contentUrl\":\"https:\\\/\\\/blogdacondessa.com.br\\\/blog\\\/wp-content\\\/uploads\\\/2024\\\/10\\\/CRM-MT.jpeg\",\"width\":1200,\"height\":800},{\"@type\":\"BreadcrumbList\",\"@id\":\"https:\\\/\\\/blogdacondessa.com.br\\\/blog\\\/institucional\\\/presidente-do-crm-mt-e-empossado-como-conselheiro-federal\\\/#breadcrumb\",\"itemListElement\":[{\"@type\":\"ListItem\",\"position\":1,\"name\":\"In\u00edcio\",\"item\":\"https:\\\/\\\/blogdacondessa.com.br\\\/blog\\\/\"},{\"@type\":\"ListItem\",\"position\":2,\"name\":\"Presidente do CRM-MT \u00e9 empossado como conselheiro federal\"}]},{\"@type\":\"WebSite\",\"@id\":\"https:\\\/\\\/blogdacondessa.com.br\\\/blog\\\/#website\",\"url\":\"https:\\\/\\\/blogdacondessa.com.br\\\/blog\\\/\",\"name\":\"Blog da Condessa\",\"description\":\"Com Shirley de Souza O\u2019Campos\",\"potentialAction\":[{\"@type\":\"SearchAction\",\"target\":{\"@type\":\"EntryPoint\",\"urlTemplate\":\"https:\\\/\\\/blogdacondessa.com.br\\\/blog\\\/?s={search_term_string}\"},\"query-input\":{\"@type\":\"PropertyValueSpecification\",\"valueRequired\":true,\"valueName\":\"search_term_string\"}}],\"inLanguage\":\"pt-BR\"},{\"@type\":\"Person\",\"@id\":\"https:\\\/\\\/blogdacondessa.com.br\\\/blog\\\/#\\\/schema\\\/person\\\/1d667ff8b785195b568677489d266035\",\"name\":\"Blog da Condessa\",\"image\":{\"@type\":\"ImageObject\",\"inLanguage\":\"pt-BR\",\"@id\":\"https:\\\/\\\/secure.gravatar.com\\\/avatar\\\/377c0eb8b4ad2bfc25461b41564b5971e721ca34a57642868fc7b0c8ac7b52c5?s=96&d=mm&r=g\",\"url\":\"https:\\\/\\\/secure.gravatar.com\\\/avatar\\\/377c0eb8b4ad2bfc25461b41564b5971e721ca34a57642868fc7b0c8ac7b52c5?s=96&d=mm&r=g\",\"contentUrl\":\"https:\\\/\\\/secure.gravatar.com\\\/avatar\\\/377c0eb8b4ad2bfc25461b41564b5971e721ca34a57642868fc7b0c8ac7b52c5?s=96&d=mm&r=g\",\"caption\":\"Blog da Condessa\"},\"url\":\"https:\\\/\\\/blogdacondessa.com.br\\\/blog\\\/author\\\/beatriz\\\/\"}]}<\/script>\n<!-- \/ Yoast SEO plugin. -->","yoast_head_json":{"title":"Presidente do CRM-MT \u00e9 empossado como conselheiro federal &#8902; Blog da Condessa","robots":{"index":"index","follow":"follow","max-snippet":"max-snippet:-1","max-image-preview":"max-image-preview:large","max-video-preview":"max-video-preview:-1"},"canonical":"https:\/\/blogdacondessa.com.br\/blog\/institucional\/presidente-do-crm-mt-e-empossado-como-conselheiro-federal\/","og_locale":"pt_BR","og_type":"article","og_title":"Presidente do CRM-MT \u00e9 empossado como conselheiro federal &#8902; Blog da Condessa","og_description":"O presidente do conselho Regional de Medicina de Mato Grosso (CRM-MT), Diogo Sampaio, e o conselheiro Luciano Aquino tomaram posse como conselheiro federal efetivo e suplente, respectivamente, no Conselho Federal de Medicina (CFM). A solenidade foi realizada na ter\u00e7a-feira (01.10), em Bras\u00edlia. Eles ir\u00e3o representar o Estado de Mato Grosso nas decis\u00f5es da Autarquia federal, [&hellip;]","og_url":"https:\/\/blogdacondessa.com.br\/blog\/institucional\/presidente-do-crm-mt-e-empossado-como-conselheiro-federal\/","og_site_name":"Blog da Condessa","article_published_time":"2024-10-08T09:00:39+00:00","og_image":[{"width":1200,"height":800,"url":"https:\/\/blogdacondessa.com.br\/blog\/wp-content\/uploads\/2024\/10\/CRM-MT.jpeg","type":"image\/jpeg"}],"author":"Blog da Condessa","twitter_card":"summary_large_image","twitter_misc":{"Escrito por":"Blog da Condessa","Est. tempo de leitura":"3 minutos"},"schema":{"@context":"https:\/\/schema.org","@graph":[{"@type":"Article","@id":"https:\/\/blogdacondessa.com.br\/blog\/institucional\/presidente-do-crm-mt-e-empossado-como-conselheiro-federal\/#article","isPartOf":{"@id":"https:\/\/blogdacondessa.com.br\/blog\/institucional\/presidente-do-crm-mt-e-empossado-como-conselheiro-federal\/"},"author":{"name":"Blog da Condessa","@id":"https:\/\/blogdacondessa.com.br\/blog\/#\/schema\/person\/1d667ff8b785195b568677489d266035"},"headline":"Presidente do CRM-MT \u00e9 empossado como conselheiro federal","datePublished":"2024-10-08T09:00:39+00:00","mainEntityOfPage":{"@id":"https:\/\/blogdacondessa.com.br\/blog\/institucional\/presidente-do-crm-mt-e-empossado-como-conselheiro-federal\/"},"wordCount":429,"image":{"@id":"https:\/\/blogdacondessa.com.br\/blog\/institucional\/presidente-do-crm-mt-e-empossado-como-conselheiro-federal\/#primaryimage"},"thumbnailUrl":"https:\/\/blogdacondessa.com.br\/blog\/wp-content\/uploads\/2024\/10\/CRM-MT.jpeg","articleSection":["Institucional"],"inLanguage":"pt-BR"},{"@type":"WebPage","@id":"https:\/\/blogdacondessa.com.br\/blog\/institucional\/presidente-do-crm-mt-e-empossado-como-conselheiro-federal\/","url":"https:\/\/blogdacondessa.com.br\/blog\/institucional\/presidente-do-crm-mt-e-empossado-como-conselheiro-federal\/","name":"Presidente do CRM-MT \u00e9 empossado como conselheiro federal &#8902; Blog da Condessa","isPartOf":{"@id":"https:\/\/blogdacondessa.com.br\/blog\/#website"},"primaryImageOfPage":{"@id":"https:\/\/blogdacondessa.com.br\/blog\/institucional\/presidente-do-crm-mt-e-empossado-como-conselheiro-federal\/#primaryimage"},"image":{"@id":"https:\/\/blogdacondessa.com.br\/blog\/institucional\/presidente-do-crm-mt-e-empossado-como-conselheiro-federal\/#primaryimage"},"thumbnailUrl":"https:\/\/blogdacondessa.com.br\/blog\/wp-content\/uploads\/2024\/10\/CRM-MT.jpeg","datePublished":"2024-10-08T09:00:39+00:00","author":{"@id":"https:\/\/blogdacondessa.com.br\/blog\/#\/schema\/person\/1d667ff8b785195b568677489d266035"},"breadcrumb":{"@id":"https:\/\/blogdacondessa.com.br\/blog\/institucional\/presidente-do-crm-mt-e-empossado-como-conselheiro-federal\/#breadcrumb"},"inLanguage":"pt-BR","potentialAction":[{"@type":"ReadAction","target":["https:\/\/blogdacondessa.com.br\/blog\/institucional\/presidente-do-crm-mt-e-empossado-como-conselheiro-federal\/"]}]},{"@type":"ImageObject","inLanguage":"pt-BR","@id":"https:\/\/blogdacondessa.com.br\/blog\/institucional\/presidente-do-crm-mt-e-empossado-como-conselheiro-federal\/#primaryimage","url":"https:\/\/blogdacondessa.com.br\/blog\/wp-content\/uploads\/2024\/10\/CRM-MT.jpeg","contentUrl":"https:\/\/blogdacondessa.com.br\/blog\/wp-content\/uploads\/2024\/10\/CRM-MT.jpeg","width":1200,"height":800},{"@type":"BreadcrumbList","@id":"https:\/\/blogdacondessa.com.br\/blog\/institucional\/presidente-do-crm-mt-e-empossado-como-conselheiro-federal\/#breadcrumb","itemListElement":[{"@type":"ListItem","position":1,"name":"In\u00edcio","item":"https:\/\/blogdacondessa.com.br\/blog\/"},{"@type":"ListItem","position":2,"name":"Presidente do CRM-MT \u00e9 empossado como conselheiro federal"}]},{"@type":"WebSite","@id":"https:\/\/blogdacondessa.com.br\/blog\/#website","url":"https:\/\/blogdacondessa.com.br\/blog\/","name":"Blog da Condessa","description":"Com Shirley de Souza O\u2019Campos","potentialAction":[{"@type":"SearchAction","target":{"@type":"EntryPoint","urlTemplate":"https:\/\/blogdacondessa.com.br\/blog\/?s={search_term_string}"},"query-input":{"@type":"PropertyValueSpecification","valueRequired":true,"valueName":"search_term_string"}}],"inLanguage":"pt-BR"},{"@type":"Person","@id":"https:\/\/blogdacondessa.com.br\/blog\/#\/schema\/person\/1d667ff8b785195b568677489d266035","name":"Blog da Condessa","image":{"@type":"ImageObject","inLanguage":"pt-BR","@id":"https:\/\/secure.gravatar.com\/avatar\/377c0eb8b4ad2bfc25461b41564b5971e721ca34a57642868fc7b0c8ac7b52c5?s=96&d=mm&r=g","url":"https:\/\/secure.gravatar.com\/avatar\/377c0eb8b4ad2bfc25461b41564b5971e721ca34a57642868fc7b0c8ac7b52c5?s=96&d=mm&r=g","contentUrl":"https:\/\/secure.gravatar.com\/avatar\/377c0eb8b4ad2bfc25461b41564b5971e721ca34a57642868fc7b0c8ac7b52c5?s=96&d=mm&r=g","caption":"Blog da Condessa"},"url":"https:\/\/blogdacondessa.com.br\/blog\/author\/beatriz\/"}]}},"_links":{"self":[{"href":"https:\/\/blogdacondessa.com.br\/blog\/wp-json\/wp\/v2\/posts\/10519","targetHints":{"allow":["GET"]}}],"collection":[{"href":"https:\/\/blogdacondessa.com.br\/blog\/wp-json\/wp\/v2\/posts"}],"about":[{"href":"https:\/\/blogdacondessa.com.br\/blog\/wp-json\/wp\/v2\/types\/post"}],"author":[{"embeddable":true,"href":"https:\/\/blogdacondessa.com.br\/blog\/wp-json\/wp\/v2\/users\/2"}],"replies":[{"embeddable":true,"href":"https:\/\/blogdacondessa.com.br\/blog\/wp-json\/wp\/v2\/comments?post=10519"}],"version-history":[{"count":0,"href":"https:\/\/blogdacondessa.com.br\/blog\/wp-json\/wp\/v2\/posts\/10519\/revisions"}],"wp:featuredmedia":[{"embeddable":true,"href":"https:\/\/blogdacondessa.com.br\/blog\/wp-json\/wp\/v2\/media\/10520"}],"wp:attachment":[{"href":"https:\/\/blogdacondessa.com.br\/blog\/wp-json\/wp\/v2\/media?parent=10519"}],"wp:term":[{"taxonomy":"category","embeddable":true,"href":"https:\/\/blogdacondessa.com.br\/blog\/wp-json\/wp\/v2\/categories?post=10519"},{"taxonomy":"post_tag","embeddable":true,"href":"https:\/\/blogdacondessa.com.br\/blog\/wp-json\/wp\/v2\/tags?post=10519"}],"curies":[{"name":"wp","href":"https:\/\/api.w.org\/{rel}","templated":true}]}}