{"id":10343,"date":"2024-09-10T05:00:28","date_gmt":"2024-09-10T09:00:28","guid":{"rendered":"https:\/\/blogdacondessa.com.br\/blog\/?p=10343"},"modified":"2024-09-09T17:11:19","modified_gmt":"2024-09-09T21:11:19","slug":"a-menos-de-30-dias-do-1o-turno-eleitores-devem-atualizar-e-titulo","status":"publish","type":"post","link":"https:\/\/blogdacondessa.com.br\/blog\/politica\/a-menos-de-30-dias-do-1o-turno-eleitores-devem-atualizar-e-titulo\/","title":{"rendered":"A menos de 30 dias do 1\u00ba turno, eleitores devem atualizar e-T\u00edtulo"},"content":{"rendered":"<p>\u00c9 para garantir tranquilidade e facilidade ao participar do pleito.<br \/>\nCom o primeiro turno das elei\u00e7\u00f5es municipais de 2024 agendado para o dia 6 de outubro, quem ainda n\u00e3o atualizou o aplicativo e-T\u00edtulo deve faz\u00ea-lo o quanto antes, com o objetivo de garantir tranquilidade e facilidade no momento de participar do pleito. O alerta \u00e9 do pr\u00f3prio Tribunal Superior Eleitoral (TSE).<br \/>\nA recomenda\u00e7\u00e3o \u00e9 que os eleitores baixem o aplicativo antecipadamente para evitar \u201ceventuais filas virtuais\u201d nos dias mais pr\u00f3ximos \u00e0s elei\u00e7\u00f5es, o que pode comprometer a qualidade da conex\u00e3o em virtude da grande quantidade de acessos simult\u00e2neos. O tribunal orienta n\u00e3o deixar a atualiza\u00e7\u00e3o para a \u00faltima hora.<br \/>\nNa \u00faltima quinta-feira (5), a presidente do TSE, ministra C\u00e1rmen L\u00facia, incentivou a atualiza\u00e7\u00e3o do e-T\u00edtulo. No in\u00edcio da sess\u00e3o plen\u00e1ria, ela avaliou o procedimento como tranquilo e f\u00e1cil. \u201cGostaria de lembrar, mais uma vez, \u00e0s eleitoras e aos eleitores que n\u00e3o deixem essa atualiza\u00e7\u00e3o para os \u00faltimos dias.<br \/>\n<strong>Como atualizar<\/strong><br \/>\nPara realizar o procedimento, \u00e9 preciso acessar a aba de atualiza\u00e7\u00e3o de aplicativos nas lojas virtuais Google Play e Apple Store, a depender do tipo de celular utilizado, e clicar em \u201catualizar\u201d. Fazendo isso, o e-T\u00edtulo j\u00e1 estar\u00e1 com a vers\u00e3o mais recente dispon\u00edvel.<br \/>\nEm nota, o TSE informou que a \u00faltima atualiza\u00e7\u00e3o do aplicativo, feita no dia 1\u00ba de setembro, trouxe aperfei\u00e7oamentos na identifica\u00e7\u00e3o por biometria e na consulta ao local de vota\u00e7\u00e3o, al\u00e9m de ajustes na melhoria do desempenho.<br \/>\n<strong>Basta o e-T\u00edtulo?<\/strong><br \/>\nNo comunicado, o tribunal refor\u00e7ou que, para votar, \u00e9 preciso apresentar apenas um documento oficial com foto. Para quem quiser se identificar apenas pelo e-T\u00edtulo, o perfil no aplicativo precisa vir com foto, o que s\u00f3 \u00e9 poss\u00edvel por meio de cadastramento biom\u00e9trico pr\u00e9vio na Justi\u00e7a Eleitoral.<br \/>\n<strong>Funcionalidades<\/strong><br \/>\nO e-T\u00edtulo permite obter a via digital do t\u00edtulo de eleitor e o acesso r\u00e1pido a informa\u00e7\u00f5es cadastradas na Justi\u00e7a Eleitoral.<br \/>\nDesde que foi lan\u00e7ado, no final de 2017, o aplicativo ganhou diversas funcionalidades \u2013 al\u00e9m de consultar o local de vota\u00e7\u00e3o, \u00e9 poss\u00edvel emitir certid\u00f5es; justificar aus\u00eancia no pleito; acessar e emitir guias para pagamento de multas; autenticar documentos emitidos pela Justi\u00e7a Eleitoral; e inscrever-se como mes\u00e1rio volunt\u00e1rio. (Fonte: Ag\u00eancia Brasil)<\/p>\n<p>&nbsp;<\/p>\n","protected":false},"excerpt":{"rendered":"<p>\u00c9 para garantir tranquilidade e facilidade ao participar do pleito. Com o primeiro turno das elei\u00e7\u00f5es municipais de 2024 agendado para o dia 6 de outubro, quem ainda n\u00e3o atualizou o aplicativo e-T\u00edtulo deve faz\u00ea-lo o quanto antes, com o objetivo de garantir tranquilidade e facilidade no momento de participar do pleito. O alerta \u00e9 [&hellip;]<\/p>\n","protected":false},"author":2,"featured_media":10344,"comment_status":"closed","ping_status":"closed","sticky":false,"template":"","format":"standard","meta":{"iawp_total_views":0,"footnotes":""},"categories":[10],"tags":[],"class_list":["post-10343","post","type-post","status-publish","format-standard","has-post-thumbnail","hentry","category-politica"],"yoast_head":"<!-- This site is optimized with the Yoast SEO plugin v27.3 - https:\/\/yoast.com\/product\/yoast-seo-wordpress\/ -->\n<title>A menos de 30 dias do 1\u00ba turno, eleitores devem atualizar e-T\u00edtulo &#8902; Blog da Condessa<\/title>\n<meta name=\"robots\" content=\"index, follow, max-snippet:-1, max-image-preview:large, max-video-preview:-1\" \/>\n<link rel=\"canonical\" href=\"https:\/\/blogdacondessa.com.br\/blog\/politica\/a-menos-de-30-dias-do-1o-turno-eleitores-devem-atualizar-e-titulo\/\" \/>\n<meta property=\"og:locale\" content=\"pt_BR\" \/>\n<meta property=\"og:type\" content=\"article\" \/>\n<meta property=\"og:title\" content=\"A menos de 30 dias do 1\u00ba turno, eleitores devem atualizar e-T\u00edtulo &#8902; Blog da Condessa\" \/>\n<meta property=\"og:description\" content=\"\u00c9 para garantir tranquilidade e facilidade ao participar do pleito. Com o primeiro turno das elei\u00e7\u00f5es municipais de 2024 agendado para o dia 6 de outubro, quem ainda n\u00e3o atualizou o aplicativo e-T\u00edtulo deve faz\u00ea-lo o quanto antes, com o objetivo de garantir tranquilidade e facilidade no momento de participar do pleito. O alerta \u00e9 [&hellip;]\" \/>\n<meta property=\"og:url\" content=\"https:\/\/blogdacondessa.com.br\/blog\/politica\/a-menos-de-30-dias-do-1o-turno-eleitores-devem-atualizar-e-titulo\/\" \/>\n<meta property=\"og:site_name\" content=\"Blog da Condessa\" \/>\n<meta property=\"article:published_time\" content=\"2024-09-10T09:00:28+00:00\" \/>\n<meta property=\"og:image\" content=\"https:\/\/blogdacondessa.com.br\/blog\/wp-content\/uploads\/2024\/09\/etitulo-2711203361.webp\" \/>\n\t<meta property=\"og:image:width\" content=\"1170\" \/>\n\t<meta property=\"og:image:height\" content=\"700\" \/>\n\t<meta property=\"og:image:type\" content=\"image\/webp\" \/>\n<meta name=\"author\" content=\"Blog da Condessa\" \/>\n<meta name=\"twitter:card\" content=\"summary_large_image\" \/>\n<meta name=\"twitter:label1\" content=\"Escrito por\" \/>\n\t<meta name=\"twitter:data1\" content=\"Blog da Condessa\" \/>\n\t<meta name=\"twitter:label2\" content=\"Est. tempo de leitura\" \/>\n\t<meta name=\"twitter:data2\" content=\"3 minutos\" \/>\n<script type=\"application\/ld+json\" class=\"yoast-schema-graph\">{\"@context\":\"https:\\\/\\\/schema.org\",\"@graph\":[{\"@type\":\"Article\",\"@id\":\"https:\\\/\\\/blogdacondessa.com.br\\\/blog\\\/politica\\\/a-menos-de-30-dias-do-1o-turno-eleitores-devem-atualizar-e-titulo\\\/#article\",\"isPartOf\":{\"@id\":\"https:\\\/\\\/blogdacondessa.com.br\\\/blog\\\/politica\\\/a-menos-de-30-dias-do-1o-turno-eleitores-devem-atualizar-e-titulo\\\/\"},\"author\":{\"name\":\"Blog da Condessa\",\"@id\":\"https:\\\/\\\/blogdacondessa.com.br\\\/blog\\\/#\\\/schema\\\/person\\\/1d667ff8b785195b568677489d266035\"},\"headline\":\"A menos de 30 dias do 1\u00ba turno, eleitores devem atualizar e-T\u00edtulo\",\"datePublished\":\"2024-09-10T09:00:28+00:00\",\"mainEntityOfPage\":{\"@id\":\"https:\\\/\\\/blogdacondessa.com.br\\\/blog\\\/politica\\\/a-menos-de-30-dias-do-1o-turno-eleitores-devem-atualizar-e-titulo\\\/\"},\"wordCount\":416,\"image\":{\"@id\":\"https:\\\/\\\/blogdacondessa.com.br\\\/blog\\\/politica\\\/a-menos-de-30-dias-do-1o-turno-eleitores-devem-atualizar-e-titulo\\\/#primaryimage\"},\"thumbnailUrl\":\"https:\\\/\\\/blogdacondessa.com.br\\\/blog\\\/wp-content\\\/uploads\\\/2024\\\/09\\\/etitulo-2711203361.webp\",\"articleSection\":[\"Pol\u00edtica\"],\"inLanguage\":\"pt-BR\"},{\"@type\":\"WebPage\",\"@id\":\"https:\\\/\\\/blogdacondessa.com.br\\\/blog\\\/politica\\\/a-menos-de-30-dias-do-1o-turno-eleitores-devem-atualizar-e-titulo\\\/\",\"url\":\"https:\\\/\\\/blogdacondessa.com.br\\\/blog\\\/politica\\\/a-menos-de-30-dias-do-1o-turno-eleitores-devem-atualizar-e-titulo\\\/\",\"name\":\"A menos de 30 dias do 1\u00ba turno, eleitores devem atualizar e-T\u00edtulo &#8902; Blog da Condessa\",\"isPartOf\":{\"@id\":\"https:\\\/\\\/blogdacondessa.com.br\\\/blog\\\/#website\"},\"primaryImageOfPage\":{\"@id\":\"https:\\\/\\\/blogdacondessa.com.br\\\/blog\\\/politica\\\/a-menos-de-30-dias-do-1o-turno-eleitores-devem-atualizar-e-titulo\\\/#primaryimage\"},\"image\":{\"@id\":\"https:\\\/\\\/blogdacondessa.com.br\\\/blog\\\/politica\\\/a-menos-de-30-dias-do-1o-turno-eleitores-devem-atualizar-e-titulo\\\/#primaryimage\"},\"thumbnailUrl\":\"https:\\\/\\\/blogdacondessa.com.br\\\/blog\\\/wp-content\\\/uploads\\\/2024\\\/09\\\/etitulo-2711203361.webp\",\"datePublished\":\"2024-09-10T09:00:28+00:00\",\"author\":{\"@id\":\"https:\\\/\\\/blogdacondessa.com.br\\\/blog\\\/#\\\/schema\\\/person\\\/1d667ff8b785195b568677489d266035\"},\"breadcrumb\":{\"@id\":\"https:\\\/\\\/blogdacondessa.com.br\\\/blog\\\/politica\\\/a-menos-de-30-dias-do-1o-turno-eleitores-devem-atualizar-e-titulo\\\/#breadcrumb\"},\"inLanguage\":\"pt-BR\",\"potentialAction\":[{\"@type\":\"ReadAction\",\"target\":[\"https:\\\/\\\/blogdacondessa.com.br\\\/blog\\\/politica\\\/a-menos-de-30-dias-do-1o-turno-eleitores-devem-atualizar-e-titulo\\\/\"]}]},{\"@type\":\"ImageObject\",\"inLanguage\":\"pt-BR\",\"@id\":\"https:\\\/\\\/blogdacondessa.com.br\\\/blog\\\/politica\\\/a-menos-de-30-dias-do-1o-turno-eleitores-devem-atualizar-e-titulo\\\/#primaryimage\",\"url\":\"https:\\\/\\\/blogdacondessa.com.br\\\/blog\\\/wp-content\\\/uploads\\\/2024\\\/09\\\/etitulo-2711203361.webp\",\"contentUrl\":\"https:\\\/\\\/blogdacondessa.com.br\\\/blog\\\/wp-content\\\/uploads\\\/2024\\\/09\\\/etitulo-2711203361.webp\",\"width\":1170,\"height\":700,\"caption\":\"Foto: Marcello Casal Jr.\\\/Ag\u00eancia Brasil\"},{\"@type\":\"BreadcrumbList\",\"@id\":\"https:\\\/\\\/blogdacondessa.com.br\\\/blog\\\/politica\\\/a-menos-de-30-dias-do-1o-turno-eleitores-devem-atualizar-e-titulo\\\/#breadcrumb\",\"itemListElement\":[{\"@type\":\"ListItem\",\"position\":1,\"name\":\"In\u00edcio\",\"item\":\"https:\\\/\\\/blogdacondessa.com.br\\\/blog\\\/\"},{\"@type\":\"ListItem\",\"position\":2,\"name\":\"A menos de 30 dias do 1\u00ba turno, eleitores devem atualizar e-T\u00edtulo\"}]},{\"@type\":\"WebSite\",\"@id\":\"https:\\\/\\\/blogdacondessa.com.br\\\/blog\\\/#website\",\"url\":\"https:\\\/\\\/blogdacondessa.com.br\\\/blog\\\/\",\"name\":\"Blog da Condessa\",\"description\":\"Com Shirley de Souza O\u2019Campos\",\"potentialAction\":[{\"@type\":\"SearchAction\",\"target\":{\"@type\":\"EntryPoint\",\"urlTemplate\":\"https:\\\/\\\/blogdacondessa.com.br\\\/blog\\\/?s={search_term_string}\"},\"query-input\":{\"@type\":\"PropertyValueSpecification\",\"valueRequired\":true,\"valueName\":\"search_term_string\"}}],\"inLanguage\":\"pt-BR\"},{\"@type\":\"Person\",\"@id\":\"https:\\\/\\\/blogdacondessa.com.br\\\/blog\\\/#\\\/schema\\\/person\\\/1d667ff8b785195b568677489d266035\",\"name\":\"Blog da Condessa\",\"image\":{\"@type\":\"ImageObject\",\"inLanguage\":\"pt-BR\",\"@id\":\"https:\\\/\\\/secure.gravatar.com\\\/avatar\\\/377c0eb8b4ad2bfc25461b41564b5971e721ca34a57642868fc7b0c8ac7b52c5?s=96&d=mm&r=g\",\"url\":\"https:\\\/\\\/secure.gravatar.com\\\/avatar\\\/377c0eb8b4ad2bfc25461b41564b5971e721ca34a57642868fc7b0c8ac7b52c5?s=96&d=mm&r=g\",\"contentUrl\":\"https:\\\/\\\/secure.gravatar.com\\\/avatar\\\/377c0eb8b4ad2bfc25461b41564b5971e721ca34a57642868fc7b0c8ac7b52c5?s=96&d=mm&r=g\",\"caption\":\"Blog da Condessa\"},\"url\":\"https:\\\/\\\/blogdacondessa.com.br\\\/blog\\\/author\\\/beatriz\\\/\"}]}<\/script>\n<!-- \/ Yoast SEO plugin. -->","yoast_head_json":{"title":"A menos de 30 dias do 1\u00ba turno, eleitores devem atualizar e-T\u00edtulo &#8902; Blog da Condessa","robots":{"index":"index","follow":"follow","max-snippet":"max-snippet:-1","max-image-preview":"max-image-preview:large","max-video-preview":"max-video-preview:-1"},"canonical":"https:\/\/blogdacondessa.com.br\/blog\/politica\/a-menos-de-30-dias-do-1o-turno-eleitores-devem-atualizar-e-titulo\/","og_locale":"pt_BR","og_type":"article","og_title":"A menos de 30 dias do 1\u00ba turno, eleitores devem atualizar e-T\u00edtulo &#8902; Blog da Condessa","og_description":"\u00c9 para garantir tranquilidade e facilidade ao participar do pleito. Com o primeiro turno das elei\u00e7\u00f5es municipais de 2024 agendado para o dia 6 de outubro, quem ainda n\u00e3o atualizou o aplicativo e-T\u00edtulo deve faz\u00ea-lo o quanto antes, com o objetivo de garantir tranquilidade e facilidade no momento de participar do pleito. O alerta \u00e9 [&hellip;]","og_url":"https:\/\/blogdacondessa.com.br\/blog\/politica\/a-menos-de-30-dias-do-1o-turno-eleitores-devem-atualizar-e-titulo\/","og_site_name":"Blog da Condessa","article_published_time":"2024-09-10T09:00:28+00:00","og_image":[{"width":1170,"height":700,"url":"https:\/\/blogdacondessa.com.br\/blog\/wp-content\/uploads\/2024\/09\/etitulo-2711203361.webp","type":"image\/webp"}],"author":"Blog da Condessa","twitter_card":"summary_large_image","twitter_misc":{"Escrito por":"Blog da Condessa","Est. tempo de leitura":"3 minutos"},"schema":{"@context":"https:\/\/schema.org","@graph":[{"@type":"Article","@id":"https:\/\/blogdacondessa.com.br\/blog\/politica\/a-menos-de-30-dias-do-1o-turno-eleitores-devem-atualizar-e-titulo\/#article","isPartOf":{"@id":"https:\/\/blogdacondessa.com.br\/blog\/politica\/a-menos-de-30-dias-do-1o-turno-eleitores-devem-atualizar-e-titulo\/"},"author":{"name":"Blog da Condessa","@id":"https:\/\/blogdacondessa.com.br\/blog\/#\/schema\/person\/1d667ff8b785195b568677489d266035"},"headline":"A menos de 30 dias do 1\u00ba turno, eleitores devem atualizar e-T\u00edtulo","datePublished":"2024-09-10T09:00:28+00:00","mainEntityOfPage":{"@id":"https:\/\/blogdacondessa.com.br\/blog\/politica\/a-menos-de-30-dias-do-1o-turno-eleitores-devem-atualizar-e-titulo\/"},"wordCount":416,"image":{"@id":"https:\/\/blogdacondessa.com.br\/blog\/politica\/a-menos-de-30-dias-do-1o-turno-eleitores-devem-atualizar-e-titulo\/#primaryimage"},"thumbnailUrl":"https:\/\/blogdacondessa.com.br\/blog\/wp-content\/uploads\/2024\/09\/etitulo-2711203361.webp","articleSection":["Pol\u00edtica"],"inLanguage":"pt-BR"},{"@type":"WebPage","@id":"https:\/\/blogdacondessa.com.br\/blog\/politica\/a-menos-de-30-dias-do-1o-turno-eleitores-devem-atualizar-e-titulo\/","url":"https:\/\/blogdacondessa.com.br\/blog\/politica\/a-menos-de-30-dias-do-1o-turno-eleitores-devem-atualizar-e-titulo\/","name":"A menos de 30 dias do 1\u00ba turno, eleitores devem atualizar e-T\u00edtulo &#8902; Blog da Condessa","isPartOf":{"@id":"https:\/\/blogdacondessa.com.br\/blog\/#website"},"primaryImageOfPage":{"@id":"https:\/\/blogdacondessa.com.br\/blog\/politica\/a-menos-de-30-dias-do-1o-turno-eleitores-devem-atualizar-e-titulo\/#primaryimage"},"image":{"@id":"https:\/\/blogdacondessa.com.br\/blog\/politica\/a-menos-de-30-dias-do-1o-turno-eleitores-devem-atualizar-e-titulo\/#primaryimage"},"thumbnailUrl":"https:\/\/blogdacondessa.com.br\/blog\/wp-content\/uploads\/2024\/09\/etitulo-2711203361.webp","datePublished":"2024-09-10T09:00:28+00:00","author":{"@id":"https:\/\/blogdacondessa.com.br\/blog\/#\/schema\/person\/1d667ff8b785195b568677489d266035"},"breadcrumb":{"@id":"https:\/\/blogdacondessa.com.br\/blog\/politica\/a-menos-de-30-dias-do-1o-turno-eleitores-devem-atualizar-e-titulo\/#breadcrumb"},"inLanguage":"pt-BR","potentialAction":[{"@type":"ReadAction","target":["https:\/\/blogdacondessa.com.br\/blog\/politica\/a-menos-de-30-dias-do-1o-turno-eleitores-devem-atualizar-e-titulo\/"]}]},{"@type":"ImageObject","inLanguage":"pt-BR","@id":"https:\/\/blogdacondessa.com.br\/blog\/politica\/a-menos-de-30-dias-do-1o-turno-eleitores-devem-atualizar-e-titulo\/#primaryimage","url":"https:\/\/blogdacondessa.com.br\/blog\/wp-content\/uploads\/2024\/09\/etitulo-2711203361.webp","contentUrl":"https:\/\/blogdacondessa.com.br\/blog\/wp-content\/uploads\/2024\/09\/etitulo-2711203361.webp","width":1170,"height":700,"caption":"Foto: Marcello Casal Jr.\/Ag\u00eancia Brasil"},{"@type":"BreadcrumbList","@id":"https:\/\/blogdacondessa.com.br\/blog\/politica\/a-menos-de-30-dias-do-1o-turno-eleitores-devem-atualizar-e-titulo\/#breadcrumb","itemListElement":[{"@type":"ListItem","position":1,"name":"In\u00edcio","item":"https:\/\/blogdacondessa.com.br\/blog\/"},{"@type":"ListItem","position":2,"name":"A menos de 30 dias do 1\u00ba turno, eleitores devem atualizar e-T\u00edtulo"}]},{"@type":"WebSite","@id":"https:\/\/blogdacondessa.com.br\/blog\/#website","url":"https:\/\/blogdacondessa.com.br\/blog\/","name":"Blog da Condessa","description":"Com Shirley de Souza O\u2019Campos","potentialAction":[{"@type":"SearchAction","target":{"@type":"EntryPoint","urlTemplate":"https:\/\/blogdacondessa.com.br\/blog\/?s={search_term_string}"},"query-input":{"@type":"PropertyValueSpecification","valueRequired":true,"valueName":"search_term_string"}}],"inLanguage":"pt-BR"},{"@type":"Person","@id":"https:\/\/blogdacondessa.com.br\/blog\/#\/schema\/person\/1d667ff8b785195b568677489d266035","name":"Blog da Condessa","image":{"@type":"ImageObject","inLanguage":"pt-BR","@id":"https:\/\/secure.gravatar.com\/avatar\/377c0eb8b4ad2bfc25461b41564b5971e721ca34a57642868fc7b0c8ac7b52c5?s=96&d=mm&r=g","url":"https:\/\/secure.gravatar.com\/avatar\/377c0eb8b4ad2bfc25461b41564b5971e721ca34a57642868fc7b0c8ac7b52c5?s=96&d=mm&r=g","contentUrl":"https:\/\/secure.gravatar.com\/avatar\/377c0eb8b4ad2bfc25461b41564b5971e721ca34a57642868fc7b0c8ac7b52c5?s=96&d=mm&r=g","caption":"Blog da Condessa"},"url":"https:\/\/blogdacondessa.com.br\/blog\/author\/beatriz\/"}]}},"_links":{"self":[{"href":"https:\/\/blogdacondessa.com.br\/blog\/wp-json\/wp\/v2\/posts\/10343","targetHints":{"allow":["GET"]}}],"collection":[{"href":"https:\/\/blogdacondessa.com.br\/blog\/wp-json\/wp\/v2\/posts"}],"about":[{"href":"https:\/\/blogdacondessa.com.br\/blog\/wp-json\/wp\/v2\/types\/post"}],"author":[{"embeddable":true,"href":"https:\/\/blogdacondessa.com.br\/blog\/wp-json\/wp\/v2\/users\/2"}],"replies":[{"embeddable":true,"href":"https:\/\/blogdacondessa.com.br\/blog\/wp-json\/wp\/v2\/comments?post=10343"}],"version-history":[{"count":0,"href":"https:\/\/blogdacondessa.com.br\/blog\/wp-json\/wp\/v2\/posts\/10343\/revisions"}],"wp:featuredmedia":[{"embeddable":true,"href":"https:\/\/blogdacondessa.com.br\/blog\/wp-json\/wp\/v2\/media\/10344"}],"wp:attachment":[{"href":"https:\/\/blogdacondessa.com.br\/blog\/wp-json\/wp\/v2\/media?parent=10343"}],"wp:term":[{"taxonomy":"category","embeddable":true,"href":"https:\/\/blogdacondessa.com.br\/blog\/wp-json\/wp\/v2\/categories?post=10343"},{"taxonomy":"post_tag","embeddable":true,"href":"https:\/\/blogdacondessa.com.br\/blog\/wp-json\/wp\/v2\/tags?post=10343"}],"curies":[{"name":"wp","href":"https:\/\/api.w.org\/{rel}","templated":true}]}}