{"id":10340,"date":"2024-09-10T05:00:24","date_gmt":"2024-09-10T09:00:24","guid":{"rendered":"https:\/\/blogdacondessa.com.br\/blog\/?p=10340"},"modified":"2024-09-09T16:54:46","modified_gmt":"2024-09-09T20:54:46","slug":"o-hospital-central-e-um-sonho-que-ficou-adormecido-por-34-anos-em-mato-grosso","status":"publish","type":"post","link":"https:\/\/blogdacondessa.com.br\/blog\/saude\/o-hospital-central-e-um-sonho-que-ficou-adormecido-por-34-anos-em-mato-grosso\/","title":{"rendered":"\u201cO Hospital Central \u00e9 um sonho que ficou adormecido por 34 anos em Mato Grosso&#8221;"},"content":{"rendered":"<p>Ala pedi\u00e1trica do Hospital Central ser\u00e1 destinada ao atendimento de casos de alta complexidade. Na unidade, est\u00e3o previstos 51 leitos cl\u00ednicos, 18 leitos de Cuidados Intensivos, 30 leitos de Terapia Intensiva na especialidade da pediatria.<br \/>\nO Hospital Central, unidade que \u00e9 constru\u00edda pelo Governo de Mato Grosso em Cuiab\u00e1, ter\u00e1 uma ala pedi\u00e1trica destinada ao atendimento de casos de alta complexidade em sa\u00fade. Na unidade, est\u00e3o previstos 51 leitos cl\u00ednicos, 18 leitos de Cuidados Intensivos, 30 leitos de Terapia Intensiva e quatro leitos de observa\u00e7\u00e3o para a Urg\u00eancia e Emerg\u00eancia na especialidade da pediatria.<br \/>\nO secret\u00e1rio de Estado de Sa\u00fade, Gilberto Figueiredo, destaca que a obra do Hospital Central j\u00e1 est\u00e1 95% conclu\u00edda.<br \/>\n\u201cO Hospital Central \u00e9 um sonho que ficou adormecido por 34 anos em Mato Grosso. A gest\u00e3o do governador Mauro Mendes aprimorou e ampliou o projeto deste hospital e, hoje, a nossa popula\u00e7\u00e3o pode sonhar com algo maior, que est\u00e1 muito pr\u00f3ximo de se tornar realidade. Essa unidade contar\u00e1 com leitos pedi\u00e1tricos para casos de alta complexidade e possibilitar\u00e1 a realiza\u00e7\u00e3o de procedimentos que ainda precisam ser feitos fora do estado, devido ao grau de complexidade\u201d, explica.<br \/>\nA estrutura do Hospital Central, que ficou 34 anos abandonada, ser\u00e1 dedicada \u00e0s demandas de alta complexidade em sa\u00fade e recebe investimentos de R$ 221,8 milh\u00f5es em obras. A previs\u00e3o de t\u00e9rmino da obra \u00e9 para 2024. A unidade deve entrar em funcionamento em 2025.<br \/>\nO secret\u00e1rio adjunto de Gest\u00e3o Hospitalar da SES, Oberdan Lira, destaca que o Hospital Central atuar\u00e1 como uma unidade de refer\u00eancia para a pediatria em Mato Grosso. Pacientes que ser\u00e3o atendidos pela unidade ser\u00e3o transferidos de outros hospitais para o atendimento.<br \/>\n\u201cTodos os pacientes que ir\u00e3o para o Hospital Central ser\u00e3o transferidos por outros hospitais por meio da regula\u00e7\u00e3o. No centro cir\u00fargico, teremos inova\u00e7\u00e3o tecnol\u00f3gica e equipamentos modernos, para que possamos garantir o melhor tratamento e a melhor forma de recuperar esse paciente, al\u00e9m de ofertar especialidades de alta complexidade, como neurocirurgia e cardiologia pedi\u00e1trica\u201d, destacou.<br \/>\nDentre as demais especialidades previstas para o hospital, tamb\u00e9m est\u00e3o cardiologia, neurologia, vascular, ortopedia, otorrinolaringologia, urologia, ginecologia, infectologia e cirurgia geral. A unidade ter\u00e1 capacidade total para oferecer 1.990 interna\u00e7\u00f5es, 652 cirurgias, 3.000 consultas especializadas e 1.400 exames por m\u00eas.<br \/>\nO novo projeto prev\u00ea o total de 60 leitos da Unidade de Terapia Intensiva (UTI) e 230 leitos de enfermaria. Al\u00e9m disso, a unidade de alta complexidade vai dispor um total de 290 leitos voltados para o atendimento de toda a popula\u00e7\u00e3o mato-grossense.<br \/>\nA secret\u00e1ria-adjunta de Obras da SES, Mayara Galv\u00e3o, destaca que a fase final da obra \u00e9 a etapa que demanda mais tempo devido \u00e0 complexidade na execu\u00e7\u00e3o dos acabamentos e instala\u00e7\u00e3o de equipamentos.<br \/>\n\u201cEssa \u00e9 uma obra de grand\u00edssimo porte e a fase mais trabalhosa j\u00e1 passou. Por\u00e9m, a etapa final, que \u00e9 de acabamentos e instala\u00e7\u00e3o de equipamentos, demanda mais tempo para a sua perfeita execu\u00e7\u00e3o, sobretudo quando h\u00e1 um padr\u00e3o de excel\u00eancia a ser seguido. As equipes de obras da SES trabalham intensamente para entregar esse importante hospital \u00e0 popula\u00e7\u00e3o do estado\u201d, finaliza.<\/p>\n","protected":false},"excerpt":{"rendered":"<p>Ala pedi\u00e1trica do Hospital Central ser\u00e1 destinada ao atendimento de casos de alta complexidade. Na unidade, est\u00e3o previstos 51 leitos cl\u00ednicos, 18 leitos de Cuidados Intensivos, 30 leitos de Terapia Intensiva na especialidade da pediatria. O Hospital Central, unidade que \u00e9 constru\u00edda pelo Governo de Mato Grosso em Cuiab\u00e1, ter\u00e1 uma ala pedi\u00e1trica destinada ao [&hellip;]<\/p>\n","protected":false},"author":2,"featured_media":10341,"comment_status":"closed","ping_status":"closed","sticky":false,"template":"","format":"standard","meta":{"iawp_total_views":17,"footnotes":""},"categories":[5],"tags":[],"class_list":["post-10340","post","type-post","status-publish","format-standard","has-post-thumbnail","hentry","category-saude"],"yoast_head":"<!-- This site is optimized with the Yoast SEO plugin v27.3 - https:\/\/yoast.com\/product\/yoast-seo-wordpress\/ -->\n<title>\u201cO Hospital Central \u00e9 um sonho que ficou adormecido por 34 anos em Mato Grosso&quot; &#8902; Blog da Condessa<\/title>\n<meta name=\"robots\" content=\"index, follow, max-snippet:-1, max-image-preview:large, max-video-preview:-1\" \/>\n<link rel=\"canonical\" href=\"https:\/\/blogdacondessa.com.br\/blog\/saude\/o-hospital-central-e-um-sonho-que-ficou-adormecido-por-34-anos-em-mato-grosso\/\" \/>\n<meta property=\"og:locale\" content=\"pt_BR\" \/>\n<meta property=\"og:type\" content=\"article\" \/>\n<meta property=\"og:title\" content=\"\u201cO Hospital Central \u00e9 um sonho que ficou adormecido por 34 anos em Mato Grosso&quot; &#8902; Blog da Condessa\" \/>\n<meta property=\"og:description\" content=\"Ala pedi\u00e1trica do Hospital Central ser\u00e1 destinada ao atendimento de casos de alta complexidade. Na unidade, est\u00e3o previstos 51 leitos cl\u00ednicos, 18 leitos de Cuidados Intensivos, 30 leitos de Terapia Intensiva na especialidade da pediatria. O Hospital Central, unidade que \u00e9 constru\u00edda pelo Governo de Mato Grosso em Cuiab\u00e1, ter\u00e1 uma ala pedi\u00e1trica destinada ao [&hellip;]\" \/>\n<meta property=\"og:url\" content=\"https:\/\/blogdacondessa.com.br\/blog\/saude\/o-hospital-central-e-um-sonho-que-ficou-adormecido-por-34-anos-em-mato-grosso\/\" \/>\n<meta property=\"og:site_name\" content=\"Blog da Condessa\" \/>\n<meta property=\"article:published_time\" content=\"2024-09-10T09:00:24+00:00\" \/>\n<meta property=\"og:image\" content=\"https:\/\/blogdacondessa.com.br\/blog\/wp-content\/uploads\/2024\/09\/hospital-central.jpg\" \/>\n\t<meta property=\"og:image:width\" content=\"1024\" \/>\n\t<meta property=\"og:image:height\" content=\"683\" \/>\n\t<meta property=\"og:image:type\" content=\"image\/jpeg\" \/>\n<meta name=\"author\" content=\"Blog da Condessa\" \/>\n<meta name=\"twitter:card\" content=\"summary_large_image\" \/>\n<meta name=\"twitter:label1\" content=\"Escrito por\" \/>\n\t<meta name=\"twitter:data1\" content=\"Blog da Condessa\" \/>\n\t<meta name=\"twitter:label2\" content=\"Est. tempo de leitura\" \/>\n\t<meta name=\"twitter:data2\" content=\"4 minutos\" \/>\n<script type=\"application\/ld+json\" class=\"yoast-schema-graph\">{\"@context\":\"https:\\\/\\\/schema.org\",\"@graph\":[{\"@type\":\"Article\",\"@id\":\"https:\\\/\\\/blogdacondessa.com.br\\\/blog\\\/saude\\\/o-hospital-central-e-um-sonho-que-ficou-adormecido-por-34-anos-em-mato-grosso\\\/#article\",\"isPartOf\":{\"@id\":\"https:\\\/\\\/blogdacondessa.com.br\\\/blog\\\/saude\\\/o-hospital-central-e-um-sonho-que-ficou-adormecido-por-34-anos-em-mato-grosso\\\/\"},\"author\":{\"name\":\"Blog da Condessa\",\"@id\":\"https:\\\/\\\/blogdacondessa.com.br\\\/blog\\\/#\\\/schema\\\/person\\\/1d667ff8b785195b568677489d266035\"},\"headline\":\"\u201cO Hospital Central \u00e9 um sonho que ficou adormecido por 34 anos em Mato Grosso&#8221;\",\"datePublished\":\"2024-09-10T09:00:24+00:00\",\"mainEntityOfPage\":{\"@id\":\"https:\\\/\\\/blogdacondessa.com.br\\\/blog\\\/saude\\\/o-hospital-central-e-um-sonho-que-ficou-adormecido-por-34-anos-em-mato-grosso\\\/\"},\"wordCount\":548,\"image\":{\"@id\":\"https:\\\/\\\/blogdacondessa.com.br\\\/blog\\\/saude\\\/o-hospital-central-e-um-sonho-que-ficou-adormecido-por-34-anos-em-mato-grosso\\\/#primaryimage\"},\"thumbnailUrl\":\"https:\\\/\\\/blogdacondessa.com.br\\\/blog\\\/wp-content\\\/uploads\\\/2024\\\/09\\\/hospital-central.jpg\",\"articleSection\":[\"Sa\u00fade\"],\"inLanguage\":\"pt-BR\"},{\"@type\":\"WebPage\",\"@id\":\"https:\\\/\\\/blogdacondessa.com.br\\\/blog\\\/saude\\\/o-hospital-central-e-um-sonho-que-ficou-adormecido-por-34-anos-em-mato-grosso\\\/\",\"url\":\"https:\\\/\\\/blogdacondessa.com.br\\\/blog\\\/saude\\\/o-hospital-central-e-um-sonho-que-ficou-adormecido-por-34-anos-em-mato-grosso\\\/\",\"name\":\"\u201cO Hospital Central \u00e9 um sonho que ficou adormecido por 34 anos em Mato Grosso\\\" &#8902; Blog da Condessa\",\"isPartOf\":{\"@id\":\"https:\\\/\\\/blogdacondessa.com.br\\\/blog\\\/#website\"},\"primaryImageOfPage\":{\"@id\":\"https:\\\/\\\/blogdacondessa.com.br\\\/blog\\\/saude\\\/o-hospital-central-e-um-sonho-que-ficou-adormecido-por-34-anos-em-mato-grosso\\\/#primaryimage\"},\"image\":{\"@id\":\"https:\\\/\\\/blogdacondessa.com.br\\\/blog\\\/saude\\\/o-hospital-central-e-um-sonho-que-ficou-adormecido-por-34-anos-em-mato-grosso\\\/#primaryimage\"},\"thumbnailUrl\":\"https:\\\/\\\/blogdacondessa.com.br\\\/blog\\\/wp-content\\\/uploads\\\/2024\\\/09\\\/hospital-central.jpg\",\"datePublished\":\"2024-09-10T09:00:24+00:00\",\"author\":{\"@id\":\"https:\\\/\\\/blogdacondessa.com.br\\\/blog\\\/#\\\/schema\\\/person\\\/1d667ff8b785195b568677489d266035\"},\"breadcrumb\":{\"@id\":\"https:\\\/\\\/blogdacondessa.com.br\\\/blog\\\/saude\\\/o-hospital-central-e-um-sonho-que-ficou-adormecido-por-34-anos-em-mato-grosso\\\/#breadcrumb\"},\"inLanguage\":\"pt-BR\",\"potentialAction\":[{\"@type\":\"ReadAction\",\"target\":[\"https:\\\/\\\/blogdacondessa.com.br\\\/blog\\\/saude\\\/o-hospital-central-e-um-sonho-que-ficou-adormecido-por-34-anos-em-mato-grosso\\\/\"]}]},{\"@type\":\"ImageObject\",\"inLanguage\":\"pt-BR\",\"@id\":\"https:\\\/\\\/blogdacondessa.com.br\\\/blog\\\/saude\\\/o-hospital-central-e-um-sonho-que-ficou-adormecido-por-34-anos-em-mato-grosso\\\/#primaryimage\",\"url\":\"https:\\\/\\\/blogdacondessa.com.br\\\/blog\\\/wp-content\\\/uploads\\\/2024\\\/09\\\/hospital-central.jpg\",\"contentUrl\":\"https:\\\/\\\/blogdacondessa.com.br\\\/blog\\\/wp-content\\\/uploads\\\/2024\\\/09\\\/hospital-central.jpg\",\"width\":1024,\"height\":683,\"caption\":\"Cr\u00e9dito - Michel Alvim | Secom-MT\"},{\"@type\":\"BreadcrumbList\",\"@id\":\"https:\\\/\\\/blogdacondessa.com.br\\\/blog\\\/saude\\\/o-hospital-central-e-um-sonho-que-ficou-adormecido-por-34-anos-em-mato-grosso\\\/#breadcrumb\",\"itemListElement\":[{\"@type\":\"ListItem\",\"position\":1,\"name\":\"In\u00edcio\",\"item\":\"https:\\\/\\\/blogdacondessa.com.br\\\/blog\\\/\"},{\"@type\":\"ListItem\",\"position\":2,\"name\":\"\u201cO Hospital Central \u00e9 um sonho que ficou adormecido por 34 anos em Mato Grosso&#8221;\"}]},{\"@type\":\"WebSite\",\"@id\":\"https:\\\/\\\/blogdacondessa.com.br\\\/blog\\\/#website\",\"url\":\"https:\\\/\\\/blogdacondessa.com.br\\\/blog\\\/\",\"name\":\"Blog da Condessa\",\"description\":\"Com Shirley de Souza O\u2019Campos\",\"potentialAction\":[{\"@type\":\"SearchAction\",\"target\":{\"@type\":\"EntryPoint\",\"urlTemplate\":\"https:\\\/\\\/blogdacondessa.com.br\\\/blog\\\/?s={search_term_string}\"},\"query-input\":{\"@type\":\"PropertyValueSpecification\",\"valueRequired\":true,\"valueName\":\"search_term_string\"}}],\"inLanguage\":\"pt-BR\"},{\"@type\":\"Person\",\"@id\":\"https:\\\/\\\/blogdacondessa.com.br\\\/blog\\\/#\\\/schema\\\/person\\\/1d667ff8b785195b568677489d266035\",\"name\":\"Blog da Condessa\",\"image\":{\"@type\":\"ImageObject\",\"inLanguage\":\"pt-BR\",\"@id\":\"https:\\\/\\\/secure.gravatar.com\\\/avatar\\\/377c0eb8b4ad2bfc25461b41564b5971e721ca34a57642868fc7b0c8ac7b52c5?s=96&d=mm&r=g\",\"url\":\"https:\\\/\\\/secure.gravatar.com\\\/avatar\\\/377c0eb8b4ad2bfc25461b41564b5971e721ca34a57642868fc7b0c8ac7b52c5?s=96&d=mm&r=g\",\"contentUrl\":\"https:\\\/\\\/secure.gravatar.com\\\/avatar\\\/377c0eb8b4ad2bfc25461b41564b5971e721ca34a57642868fc7b0c8ac7b52c5?s=96&d=mm&r=g\",\"caption\":\"Blog da Condessa\"},\"url\":\"https:\\\/\\\/blogdacondessa.com.br\\\/blog\\\/author\\\/beatriz\\\/\"}]}<\/script>\n<!-- \/ Yoast SEO plugin. -->","yoast_head_json":{"title":"\u201cO Hospital Central \u00e9 um sonho que ficou adormecido por 34 anos em Mato Grosso\" &#8902; Blog da Condessa","robots":{"index":"index","follow":"follow","max-snippet":"max-snippet:-1","max-image-preview":"max-image-preview:large","max-video-preview":"max-video-preview:-1"},"canonical":"https:\/\/blogdacondessa.com.br\/blog\/saude\/o-hospital-central-e-um-sonho-que-ficou-adormecido-por-34-anos-em-mato-grosso\/","og_locale":"pt_BR","og_type":"article","og_title":"\u201cO Hospital Central \u00e9 um sonho que ficou adormecido por 34 anos em Mato Grosso\" &#8902; Blog da Condessa","og_description":"Ala pedi\u00e1trica do Hospital Central ser\u00e1 destinada ao atendimento de casos de alta complexidade. Na unidade, est\u00e3o previstos 51 leitos cl\u00ednicos, 18 leitos de Cuidados Intensivos, 30 leitos de Terapia Intensiva na especialidade da pediatria. O Hospital Central, unidade que \u00e9 constru\u00edda pelo Governo de Mato Grosso em Cuiab\u00e1, ter\u00e1 uma ala pedi\u00e1trica destinada ao [&hellip;]","og_url":"https:\/\/blogdacondessa.com.br\/blog\/saude\/o-hospital-central-e-um-sonho-que-ficou-adormecido-por-34-anos-em-mato-grosso\/","og_site_name":"Blog da Condessa","article_published_time":"2024-09-10T09:00:24+00:00","og_image":[{"width":1024,"height":683,"url":"https:\/\/blogdacondessa.com.br\/blog\/wp-content\/uploads\/2024\/09\/hospital-central.jpg","type":"image\/jpeg"}],"author":"Blog da Condessa","twitter_card":"summary_large_image","twitter_misc":{"Escrito por":"Blog da Condessa","Est. tempo de leitura":"4 minutos"},"schema":{"@context":"https:\/\/schema.org","@graph":[{"@type":"Article","@id":"https:\/\/blogdacondessa.com.br\/blog\/saude\/o-hospital-central-e-um-sonho-que-ficou-adormecido-por-34-anos-em-mato-grosso\/#article","isPartOf":{"@id":"https:\/\/blogdacondessa.com.br\/blog\/saude\/o-hospital-central-e-um-sonho-que-ficou-adormecido-por-34-anos-em-mato-grosso\/"},"author":{"name":"Blog da Condessa","@id":"https:\/\/blogdacondessa.com.br\/blog\/#\/schema\/person\/1d667ff8b785195b568677489d266035"},"headline":"\u201cO Hospital Central \u00e9 um sonho que ficou adormecido por 34 anos em Mato Grosso&#8221;","datePublished":"2024-09-10T09:00:24+00:00","mainEntityOfPage":{"@id":"https:\/\/blogdacondessa.com.br\/blog\/saude\/o-hospital-central-e-um-sonho-que-ficou-adormecido-por-34-anos-em-mato-grosso\/"},"wordCount":548,"image":{"@id":"https:\/\/blogdacondessa.com.br\/blog\/saude\/o-hospital-central-e-um-sonho-que-ficou-adormecido-por-34-anos-em-mato-grosso\/#primaryimage"},"thumbnailUrl":"https:\/\/blogdacondessa.com.br\/blog\/wp-content\/uploads\/2024\/09\/hospital-central.jpg","articleSection":["Sa\u00fade"],"inLanguage":"pt-BR"},{"@type":"WebPage","@id":"https:\/\/blogdacondessa.com.br\/blog\/saude\/o-hospital-central-e-um-sonho-que-ficou-adormecido-por-34-anos-em-mato-grosso\/","url":"https:\/\/blogdacondessa.com.br\/blog\/saude\/o-hospital-central-e-um-sonho-que-ficou-adormecido-por-34-anos-em-mato-grosso\/","name":"\u201cO Hospital Central \u00e9 um sonho que ficou adormecido por 34 anos em Mato Grosso\" &#8902; Blog da Condessa","isPartOf":{"@id":"https:\/\/blogdacondessa.com.br\/blog\/#website"},"primaryImageOfPage":{"@id":"https:\/\/blogdacondessa.com.br\/blog\/saude\/o-hospital-central-e-um-sonho-que-ficou-adormecido-por-34-anos-em-mato-grosso\/#primaryimage"},"image":{"@id":"https:\/\/blogdacondessa.com.br\/blog\/saude\/o-hospital-central-e-um-sonho-que-ficou-adormecido-por-34-anos-em-mato-grosso\/#primaryimage"},"thumbnailUrl":"https:\/\/blogdacondessa.com.br\/blog\/wp-content\/uploads\/2024\/09\/hospital-central.jpg","datePublished":"2024-09-10T09:00:24+00:00","author":{"@id":"https:\/\/blogdacondessa.com.br\/blog\/#\/schema\/person\/1d667ff8b785195b568677489d266035"},"breadcrumb":{"@id":"https:\/\/blogdacondessa.com.br\/blog\/saude\/o-hospital-central-e-um-sonho-que-ficou-adormecido-por-34-anos-em-mato-grosso\/#breadcrumb"},"inLanguage":"pt-BR","potentialAction":[{"@type":"ReadAction","target":["https:\/\/blogdacondessa.com.br\/blog\/saude\/o-hospital-central-e-um-sonho-que-ficou-adormecido-por-34-anos-em-mato-grosso\/"]}]},{"@type":"ImageObject","inLanguage":"pt-BR","@id":"https:\/\/blogdacondessa.com.br\/blog\/saude\/o-hospital-central-e-um-sonho-que-ficou-adormecido-por-34-anos-em-mato-grosso\/#primaryimage","url":"https:\/\/blogdacondessa.com.br\/blog\/wp-content\/uploads\/2024\/09\/hospital-central.jpg","contentUrl":"https:\/\/blogdacondessa.com.br\/blog\/wp-content\/uploads\/2024\/09\/hospital-central.jpg","width":1024,"height":683,"caption":"Cr\u00e9dito - Michel Alvim | Secom-MT"},{"@type":"BreadcrumbList","@id":"https:\/\/blogdacondessa.com.br\/blog\/saude\/o-hospital-central-e-um-sonho-que-ficou-adormecido-por-34-anos-em-mato-grosso\/#breadcrumb","itemListElement":[{"@type":"ListItem","position":1,"name":"In\u00edcio","item":"https:\/\/blogdacondessa.com.br\/blog\/"},{"@type":"ListItem","position":2,"name":"\u201cO Hospital Central \u00e9 um sonho que ficou adormecido por 34 anos em Mato Grosso&#8221;"}]},{"@type":"WebSite","@id":"https:\/\/blogdacondessa.com.br\/blog\/#website","url":"https:\/\/blogdacondessa.com.br\/blog\/","name":"Blog da Condessa","description":"Com Shirley de Souza O\u2019Campos","potentialAction":[{"@type":"SearchAction","target":{"@type":"EntryPoint","urlTemplate":"https:\/\/blogdacondessa.com.br\/blog\/?s={search_term_string}"},"query-input":{"@type":"PropertyValueSpecification","valueRequired":true,"valueName":"search_term_string"}}],"inLanguage":"pt-BR"},{"@type":"Person","@id":"https:\/\/blogdacondessa.com.br\/blog\/#\/schema\/person\/1d667ff8b785195b568677489d266035","name":"Blog da Condessa","image":{"@type":"ImageObject","inLanguage":"pt-BR","@id":"https:\/\/secure.gravatar.com\/avatar\/377c0eb8b4ad2bfc25461b41564b5971e721ca34a57642868fc7b0c8ac7b52c5?s=96&d=mm&r=g","url":"https:\/\/secure.gravatar.com\/avatar\/377c0eb8b4ad2bfc25461b41564b5971e721ca34a57642868fc7b0c8ac7b52c5?s=96&d=mm&r=g","contentUrl":"https:\/\/secure.gravatar.com\/avatar\/377c0eb8b4ad2bfc25461b41564b5971e721ca34a57642868fc7b0c8ac7b52c5?s=96&d=mm&r=g","caption":"Blog da Condessa"},"url":"https:\/\/blogdacondessa.com.br\/blog\/author\/beatriz\/"}]}},"_links":{"self":[{"href":"https:\/\/blogdacondessa.com.br\/blog\/wp-json\/wp\/v2\/posts\/10340","targetHints":{"allow":["GET"]}}],"collection":[{"href":"https:\/\/blogdacondessa.com.br\/blog\/wp-json\/wp\/v2\/posts"}],"about":[{"href":"https:\/\/blogdacondessa.com.br\/blog\/wp-json\/wp\/v2\/types\/post"}],"author":[{"embeddable":true,"href":"https:\/\/blogdacondessa.com.br\/blog\/wp-json\/wp\/v2\/users\/2"}],"replies":[{"embeddable":true,"href":"https:\/\/blogdacondessa.com.br\/blog\/wp-json\/wp\/v2\/comments?post=10340"}],"version-history":[{"count":0,"href":"https:\/\/blogdacondessa.com.br\/blog\/wp-json\/wp\/v2\/posts\/10340\/revisions"}],"wp:featuredmedia":[{"embeddable":true,"href":"https:\/\/blogdacondessa.com.br\/blog\/wp-json\/wp\/v2\/media\/10341"}],"wp:attachment":[{"href":"https:\/\/blogdacondessa.com.br\/blog\/wp-json\/wp\/v2\/media?parent=10340"}],"wp:term":[{"taxonomy":"category","embeddable":true,"href":"https:\/\/blogdacondessa.com.br\/blog\/wp-json\/wp\/v2\/categories?post=10340"},{"taxonomy":"post_tag","embeddable":true,"href":"https:\/\/blogdacondessa.com.br\/blog\/wp-json\/wp\/v2\/tags?post=10340"}],"curies":[{"name":"wp","href":"https:\/\/api.w.org\/{rel}","templated":true}]}}