{"id":10327,"date":"2024-09-08T05:00:03","date_gmt":"2024-09-08T09:00:03","guid":{"rendered":"https:\/\/blogdacondessa.com.br\/blog\/?p=10327"},"modified":"2024-09-07T18:57:58","modified_gmt":"2024-09-07T22:57:58","slug":"judocas-de-mt-ganham-medalhas-de-ouro-e-prata-nas-paralimpiadas-de-paris","status":"publish","type":"post","link":"https:\/\/blogdacondessa.com.br\/blog\/esporte\/judocas-de-mt-ganham-medalhas-de-ouro-e-prata-nas-paralimpiadas-de-paris\/","title":{"rendered":"Judocas de MT ganham medalhas de ouro e prata nas Paralimp\u00edadas de Paris"},"content":{"rendered":"<p>Arthur Silva e \u00c9rika Zoaga ser\u00e3o contemplados com valor m\u00e1ximo do Pr\u00eamio Ol\u00edmpico do Governo de MT, cada um leva R$ 130 mil pela conquista e participa\u00e7\u00e3o na competi\u00e7\u00e3o.<\/p>\n<p>Os judocas Arthur Silva e \u00c9rika Zoaga, benefici\u00e1rios do projeto Olimpus MT da Secretaria de Estado de Cultura, Esporte e Lazer (Secel), s\u00e3o medalhistas paral\u00edmpicos nos Jogos de Paris 2024. Os dois\u00a0conquistaram as medalhas de ouro e de prata, respectivamente, na manh\u00e3 des\u00e1bado (07.09).<\/p>\n<p>Arthur derrotou um brit\u00e2nico na categoria 90 kg, enquanto \u00c9rika foi superada por uma atleta ucraniana na categoria 70 kg e garantiu a medalha de prata para Mato Grosso e o Brasil. Ambos s\u00e3o\u00a0da classe J1 do jud\u00f4 para atletas cegos.<\/p>\n<p>Essa \u00e9 a quarta participa\u00e7\u00e3o de Arthur, que representou o Instituto dos Cegos do Estado de Mato Grosso (ICEMAT), em Paralimp\u00edadas e sua primeira medalha. J\u00e1 \u00c9rika, que \u00e9 da\u00a0Associa\u00e7\u00e3o Rondonopolitana de Deficientes Visuais (ARDV), est\u00e1 em sua primeira edi\u00e7\u00e3o dos Jogos Paral\u00edmpicos.<\/p>\n<p>\u201c\u00c9 muito orgulho! Parabenizo demais a \u00c9rika e o Arthur, que colocaram nosso Estado e pa\u00eds no p\u00f3dio do maior evento esportivo paral\u00edmpico do mundo. Chegamos com muita for\u00e7a para essa edi\u00e7\u00e3o dos Jogos Paral\u00edmpicos. Eles s\u00e3o dois gigantes no tatame! Essa conquista s\u00f3 mostra o tamanho da for\u00e7a de Mato Grosso no paradesporto e que estamos no caminho certo com efici\u00eancia de incentivos\u201d, celebrou o secret\u00e1rio da Secel, David Moura.<\/p>\n<p>Com suas conquistas, os atletas n\u00e3o s\u00f3 garantem o Pr\u00eamio Ol\u00edmpico do Governo do Estado pela participa\u00e7\u00e3o nas Paralimp\u00edadas, mas tamb\u00e9m o Pr\u00eamio Medalhista Ol\u00edmpico pela medalha conquistada.<\/p>\n<p>Assim como Ana Vit\u00f3ria, medalha de prata durante as Olimp\u00edadas de Paris, cada um dos medalhistas receber\u00e1 R$ 130 mil do Governo de Mato Grosso.<\/p>\n<p>Arthur e \u00c9rika fazem parte da delega\u00e7\u00e3o paral\u00edmpica de jud\u00f4 brasileiro e confirmaram seu favoritismo ao conquistar medalhas paral\u00edmpicas, ap\u00f3s um ciclo repleto de vit\u00f3rias que antecederam os Jogos de Paris, que foram essenciais para o ranking mundial e classifica\u00e7\u00e3o para a competi\u00e7\u00e3o.<\/p>\n<p>At\u00e9 o momento, o Time Brasil Paral\u00edmpico tem 80 medalhas conquistadas.<\/p>\n<p><strong>Pr\u00eamio Ol\u00edmpico<\/strong><\/p>\n<p>O Governo de Mato Grosso oferece pr\u00eamios como incentivo aos atletas, paratletas, atletas-guias e t\u00e9cnicos convocados para os Jogos Ol\u00edmpicos e Paral\u00edmpicos. O Estado garante o pagamento de R$ 30 mil para cada atleta e paratleta de Mato Grosso classificado para as competi\u00e7\u00f5es mundiais. Para os t\u00e9cnicos convocados, a premia\u00e7\u00e3o \u00e9 de R$ 10 mil. Medalhistas ol\u00edmpicos recebem R$ 100 mil, independentemente da cor da medalha, enquanto t\u00e9cnicos medalhistas recebem R$ 30 mil.<\/p>\n<p>Durante as Olimp\u00edadas 2024, tamb\u00e9m representaram Mato Grosso em Paris, Lissandra Campos (salto em dist\u00e2ncia), Isadora Lopes (rugby feminino), Almir J\u00fanior (salto triplo), Ana S\u00e1tila (canoagem shalom), Caroline Santos (taekwondo) e Yasmim Soares (rugby feminino).<\/p>\n","protected":false},"excerpt":{"rendered":"<p>Arthur Silva e \u00c9rika Zoaga ser\u00e3o contemplados com valor m\u00e1ximo do Pr\u00eamio Ol\u00edmpico do Governo de MT, cada um leva R$ 130 mil pela conquista e participa\u00e7\u00e3o na competi\u00e7\u00e3o. Os judocas Arthur Silva e \u00c9rika Zoaga, benefici\u00e1rios do projeto Olimpus MT da Secretaria de Estado de Cultura, Esporte e Lazer (Secel), s\u00e3o medalhistas paral\u00edmpicos nos [&hellip;]<\/p>\n","protected":false},"author":2,"featured_media":10328,"comment_status":"closed","ping_status":"closed","sticky":false,"template":"","format":"standard","meta":{"iawp_total_views":9,"footnotes":""},"categories":[19],"tags":[],"class_list":["post-10327","post","type-post","status-publish","format-standard","has-post-thumbnail","hentry","category-esporte"],"yoast_head":"<!-- This site is optimized with the Yoast SEO plugin v27.3 - https:\/\/yoast.com\/product\/yoast-seo-wordpress\/ -->\n<title>Judocas de MT ganham medalhas de ouro e prata nas Paralimp\u00edadas de Paris &#8902; Blog da Condessa<\/title>\n<meta name=\"robots\" content=\"index, follow, max-snippet:-1, max-image-preview:large, max-video-preview:-1\" \/>\n<link rel=\"canonical\" href=\"https:\/\/blogdacondessa.com.br\/blog\/esporte\/judocas-de-mt-ganham-medalhas-de-ouro-e-prata-nas-paralimpiadas-de-paris\/\" \/>\n<meta property=\"og:locale\" content=\"pt_BR\" \/>\n<meta property=\"og:type\" content=\"article\" \/>\n<meta property=\"og:title\" content=\"Judocas de MT ganham medalhas de ouro e prata nas Paralimp\u00edadas de Paris &#8902; Blog da Condessa\" \/>\n<meta property=\"og:description\" content=\"Arthur Silva e \u00c9rika Zoaga ser\u00e3o contemplados com valor m\u00e1ximo do Pr\u00eamio Ol\u00edmpico do Governo de MT, cada um leva R$ 130 mil pela conquista e participa\u00e7\u00e3o na competi\u00e7\u00e3o. Os judocas Arthur Silva e \u00c9rika Zoaga, benefici\u00e1rios do projeto Olimpus MT da Secretaria de Estado de Cultura, Esporte e Lazer (Secel), s\u00e3o medalhistas paral\u00edmpicos nos [&hellip;]\" \/>\n<meta property=\"og:url\" content=\"https:\/\/blogdacondessa.com.br\/blog\/esporte\/judocas-de-mt-ganham-medalhas-de-ouro-e-prata-nas-paralimpiadas-de-paris\/\" \/>\n<meta property=\"og:site_name\" content=\"Blog da Condessa\" \/>\n<meta property=\"article:published_time\" content=\"2024-09-08T09:00:03+00:00\" \/>\n<meta property=\"og:image\" content=\"https:\/\/blogdacondessa.com.br\/blog\/wp-content\/uploads\/2024\/09\/paraolimpico.jpg\" \/>\n\t<meta property=\"og:image:width\" content=\"1024\" \/>\n\t<meta property=\"og:image:height\" content=\"789\" \/>\n\t<meta property=\"og:image:type\" content=\"image\/jpeg\" \/>\n<meta name=\"author\" content=\"Blog da Condessa\" \/>\n<meta name=\"twitter:card\" content=\"summary_large_image\" \/>\n<meta name=\"twitter:label1\" content=\"Escrito por\" \/>\n\t<meta name=\"twitter:data1\" content=\"Blog da Condessa\" \/>\n\t<meta name=\"twitter:label2\" content=\"Est. tempo de leitura\" \/>\n\t<meta name=\"twitter:data2\" content=\"3 minutos\" \/>\n<script type=\"application\/ld+json\" class=\"yoast-schema-graph\">{\"@context\":\"https:\\\/\\\/schema.org\",\"@graph\":[{\"@type\":\"Article\",\"@id\":\"https:\\\/\\\/blogdacondessa.com.br\\\/blog\\\/esporte\\\/judocas-de-mt-ganham-medalhas-de-ouro-e-prata-nas-paralimpiadas-de-paris\\\/#article\",\"isPartOf\":{\"@id\":\"https:\\\/\\\/blogdacondessa.com.br\\\/blog\\\/esporte\\\/judocas-de-mt-ganham-medalhas-de-ouro-e-prata-nas-paralimpiadas-de-paris\\\/\"},\"author\":{\"name\":\"Blog da Condessa\",\"@id\":\"https:\\\/\\\/blogdacondessa.com.br\\\/blog\\\/#\\\/schema\\\/person\\\/1d667ff8b785195b568677489d266035\"},\"headline\":\"Judocas de MT ganham medalhas de ouro e prata nas Paralimp\u00edadas de Paris\",\"datePublished\":\"2024-09-08T09:00:03+00:00\",\"mainEntityOfPage\":{\"@id\":\"https:\\\/\\\/blogdacondessa.com.br\\\/blog\\\/esporte\\\/judocas-de-mt-ganham-medalhas-de-ouro-e-prata-nas-paralimpiadas-de-paris\\\/\"},\"wordCount\":507,\"image\":{\"@id\":\"https:\\\/\\\/blogdacondessa.com.br\\\/blog\\\/esporte\\\/judocas-de-mt-ganham-medalhas-de-ouro-e-prata-nas-paralimpiadas-de-paris\\\/#primaryimage\"},\"thumbnailUrl\":\"https:\\\/\\\/blogdacondessa.com.br\\\/blog\\\/wp-content\\\/uploads\\\/2024\\\/09\\\/paraolimpico.jpg\",\"articleSection\":[\"Esporte\"],\"inLanguage\":\"pt-BR\"},{\"@type\":\"WebPage\",\"@id\":\"https:\\\/\\\/blogdacondessa.com.br\\\/blog\\\/esporte\\\/judocas-de-mt-ganham-medalhas-de-ouro-e-prata-nas-paralimpiadas-de-paris\\\/\",\"url\":\"https:\\\/\\\/blogdacondessa.com.br\\\/blog\\\/esporte\\\/judocas-de-mt-ganham-medalhas-de-ouro-e-prata-nas-paralimpiadas-de-paris\\\/\",\"name\":\"Judocas de MT ganham medalhas de ouro e prata nas Paralimp\u00edadas de Paris &#8902; Blog da Condessa\",\"isPartOf\":{\"@id\":\"https:\\\/\\\/blogdacondessa.com.br\\\/blog\\\/#website\"},\"primaryImageOfPage\":{\"@id\":\"https:\\\/\\\/blogdacondessa.com.br\\\/blog\\\/esporte\\\/judocas-de-mt-ganham-medalhas-de-ouro-e-prata-nas-paralimpiadas-de-paris\\\/#primaryimage\"},\"image\":{\"@id\":\"https:\\\/\\\/blogdacondessa.com.br\\\/blog\\\/esporte\\\/judocas-de-mt-ganham-medalhas-de-ouro-e-prata-nas-paralimpiadas-de-paris\\\/#primaryimage\"},\"thumbnailUrl\":\"https:\\\/\\\/blogdacondessa.com.br\\\/blog\\\/wp-content\\\/uploads\\\/2024\\\/09\\\/paraolimpico.jpg\",\"datePublished\":\"2024-09-08T09:00:03+00:00\",\"author\":{\"@id\":\"https:\\\/\\\/blogdacondessa.com.br\\\/blog\\\/#\\\/schema\\\/person\\\/1d667ff8b785195b568677489d266035\"},\"breadcrumb\":{\"@id\":\"https:\\\/\\\/blogdacondessa.com.br\\\/blog\\\/esporte\\\/judocas-de-mt-ganham-medalhas-de-ouro-e-prata-nas-paralimpiadas-de-paris\\\/#breadcrumb\"},\"inLanguage\":\"pt-BR\",\"potentialAction\":[{\"@type\":\"ReadAction\",\"target\":[\"https:\\\/\\\/blogdacondessa.com.br\\\/blog\\\/esporte\\\/judocas-de-mt-ganham-medalhas-de-ouro-e-prata-nas-paralimpiadas-de-paris\\\/\"]}]},{\"@type\":\"ImageObject\",\"inLanguage\":\"pt-BR\",\"@id\":\"https:\\\/\\\/blogdacondessa.com.br\\\/blog\\\/esporte\\\/judocas-de-mt-ganham-medalhas-de-ouro-e-prata-nas-paralimpiadas-de-paris\\\/#primaryimage\",\"url\":\"https:\\\/\\\/blogdacondessa.com.br\\\/blog\\\/wp-content\\\/uploads\\\/2024\\\/09\\\/paraolimpico.jpg\",\"contentUrl\":\"https:\\\/\\\/blogdacondessa.com.br\\\/blog\\\/wp-content\\\/uploads\\\/2024\\\/09\\\/paraolimpico.jpg\",\"width\":1024,\"height\":789,\"caption\":\"Foto: Marcello Zambrana\\\/CPB\"},{\"@type\":\"BreadcrumbList\",\"@id\":\"https:\\\/\\\/blogdacondessa.com.br\\\/blog\\\/esporte\\\/judocas-de-mt-ganham-medalhas-de-ouro-e-prata-nas-paralimpiadas-de-paris\\\/#breadcrumb\",\"itemListElement\":[{\"@type\":\"ListItem\",\"position\":1,\"name\":\"In\u00edcio\",\"item\":\"https:\\\/\\\/blogdacondessa.com.br\\\/blog\\\/\"},{\"@type\":\"ListItem\",\"position\":2,\"name\":\"Judocas de MT ganham medalhas de ouro e prata nas Paralimp\u00edadas de Paris\"}]},{\"@type\":\"WebSite\",\"@id\":\"https:\\\/\\\/blogdacondessa.com.br\\\/blog\\\/#website\",\"url\":\"https:\\\/\\\/blogdacondessa.com.br\\\/blog\\\/\",\"name\":\"Blog da Condessa\",\"description\":\"Com Shirley de Souza O\u2019Campos\",\"potentialAction\":[{\"@type\":\"SearchAction\",\"target\":{\"@type\":\"EntryPoint\",\"urlTemplate\":\"https:\\\/\\\/blogdacondessa.com.br\\\/blog\\\/?s={search_term_string}\"},\"query-input\":{\"@type\":\"PropertyValueSpecification\",\"valueRequired\":true,\"valueName\":\"search_term_string\"}}],\"inLanguage\":\"pt-BR\"},{\"@type\":\"Person\",\"@id\":\"https:\\\/\\\/blogdacondessa.com.br\\\/blog\\\/#\\\/schema\\\/person\\\/1d667ff8b785195b568677489d266035\",\"name\":\"Blog da Condessa\",\"image\":{\"@type\":\"ImageObject\",\"inLanguage\":\"pt-BR\",\"@id\":\"https:\\\/\\\/secure.gravatar.com\\\/avatar\\\/377c0eb8b4ad2bfc25461b41564b5971e721ca34a57642868fc7b0c8ac7b52c5?s=96&d=mm&r=g\",\"url\":\"https:\\\/\\\/secure.gravatar.com\\\/avatar\\\/377c0eb8b4ad2bfc25461b41564b5971e721ca34a57642868fc7b0c8ac7b52c5?s=96&d=mm&r=g\",\"contentUrl\":\"https:\\\/\\\/secure.gravatar.com\\\/avatar\\\/377c0eb8b4ad2bfc25461b41564b5971e721ca34a57642868fc7b0c8ac7b52c5?s=96&d=mm&r=g\",\"caption\":\"Blog da Condessa\"},\"url\":\"https:\\\/\\\/blogdacondessa.com.br\\\/blog\\\/author\\\/beatriz\\\/\"}]}<\/script>\n<!-- \/ Yoast SEO plugin. -->","yoast_head_json":{"title":"Judocas de MT ganham medalhas de ouro e prata nas Paralimp\u00edadas de Paris &#8902; Blog da Condessa","robots":{"index":"index","follow":"follow","max-snippet":"max-snippet:-1","max-image-preview":"max-image-preview:large","max-video-preview":"max-video-preview:-1"},"canonical":"https:\/\/blogdacondessa.com.br\/blog\/esporte\/judocas-de-mt-ganham-medalhas-de-ouro-e-prata-nas-paralimpiadas-de-paris\/","og_locale":"pt_BR","og_type":"article","og_title":"Judocas de MT ganham medalhas de ouro e prata nas Paralimp\u00edadas de Paris &#8902; Blog da Condessa","og_description":"Arthur Silva e \u00c9rika Zoaga ser\u00e3o contemplados com valor m\u00e1ximo do Pr\u00eamio Ol\u00edmpico do Governo de MT, cada um leva R$ 130 mil pela conquista e participa\u00e7\u00e3o na competi\u00e7\u00e3o. Os judocas Arthur Silva e \u00c9rika Zoaga, benefici\u00e1rios do projeto Olimpus MT da Secretaria de Estado de Cultura, Esporte e Lazer (Secel), s\u00e3o medalhistas paral\u00edmpicos nos [&hellip;]","og_url":"https:\/\/blogdacondessa.com.br\/blog\/esporte\/judocas-de-mt-ganham-medalhas-de-ouro-e-prata-nas-paralimpiadas-de-paris\/","og_site_name":"Blog da Condessa","article_published_time":"2024-09-08T09:00:03+00:00","og_image":[{"width":1024,"height":789,"url":"https:\/\/blogdacondessa.com.br\/blog\/wp-content\/uploads\/2024\/09\/paraolimpico.jpg","type":"image\/jpeg"}],"author":"Blog da Condessa","twitter_card":"summary_large_image","twitter_misc":{"Escrito por":"Blog da Condessa","Est. tempo de leitura":"3 minutos"},"schema":{"@context":"https:\/\/schema.org","@graph":[{"@type":"Article","@id":"https:\/\/blogdacondessa.com.br\/blog\/esporte\/judocas-de-mt-ganham-medalhas-de-ouro-e-prata-nas-paralimpiadas-de-paris\/#article","isPartOf":{"@id":"https:\/\/blogdacondessa.com.br\/blog\/esporte\/judocas-de-mt-ganham-medalhas-de-ouro-e-prata-nas-paralimpiadas-de-paris\/"},"author":{"name":"Blog da Condessa","@id":"https:\/\/blogdacondessa.com.br\/blog\/#\/schema\/person\/1d667ff8b785195b568677489d266035"},"headline":"Judocas de MT ganham medalhas de ouro e prata nas Paralimp\u00edadas de Paris","datePublished":"2024-09-08T09:00:03+00:00","mainEntityOfPage":{"@id":"https:\/\/blogdacondessa.com.br\/blog\/esporte\/judocas-de-mt-ganham-medalhas-de-ouro-e-prata-nas-paralimpiadas-de-paris\/"},"wordCount":507,"image":{"@id":"https:\/\/blogdacondessa.com.br\/blog\/esporte\/judocas-de-mt-ganham-medalhas-de-ouro-e-prata-nas-paralimpiadas-de-paris\/#primaryimage"},"thumbnailUrl":"https:\/\/blogdacondessa.com.br\/blog\/wp-content\/uploads\/2024\/09\/paraolimpico.jpg","articleSection":["Esporte"],"inLanguage":"pt-BR"},{"@type":"WebPage","@id":"https:\/\/blogdacondessa.com.br\/blog\/esporte\/judocas-de-mt-ganham-medalhas-de-ouro-e-prata-nas-paralimpiadas-de-paris\/","url":"https:\/\/blogdacondessa.com.br\/blog\/esporte\/judocas-de-mt-ganham-medalhas-de-ouro-e-prata-nas-paralimpiadas-de-paris\/","name":"Judocas de MT ganham medalhas de ouro e prata nas Paralimp\u00edadas de Paris &#8902; Blog da Condessa","isPartOf":{"@id":"https:\/\/blogdacondessa.com.br\/blog\/#website"},"primaryImageOfPage":{"@id":"https:\/\/blogdacondessa.com.br\/blog\/esporte\/judocas-de-mt-ganham-medalhas-de-ouro-e-prata-nas-paralimpiadas-de-paris\/#primaryimage"},"image":{"@id":"https:\/\/blogdacondessa.com.br\/blog\/esporte\/judocas-de-mt-ganham-medalhas-de-ouro-e-prata-nas-paralimpiadas-de-paris\/#primaryimage"},"thumbnailUrl":"https:\/\/blogdacondessa.com.br\/blog\/wp-content\/uploads\/2024\/09\/paraolimpico.jpg","datePublished":"2024-09-08T09:00:03+00:00","author":{"@id":"https:\/\/blogdacondessa.com.br\/blog\/#\/schema\/person\/1d667ff8b785195b568677489d266035"},"breadcrumb":{"@id":"https:\/\/blogdacondessa.com.br\/blog\/esporte\/judocas-de-mt-ganham-medalhas-de-ouro-e-prata-nas-paralimpiadas-de-paris\/#breadcrumb"},"inLanguage":"pt-BR","potentialAction":[{"@type":"ReadAction","target":["https:\/\/blogdacondessa.com.br\/blog\/esporte\/judocas-de-mt-ganham-medalhas-de-ouro-e-prata-nas-paralimpiadas-de-paris\/"]}]},{"@type":"ImageObject","inLanguage":"pt-BR","@id":"https:\/\/blogdacondessa.com.br\/blog\/esporte\/judocas-de-mt-ganham-medalhas-de-ouro-e-prata-nas-paralimpiadas-de-paris\/#primaryimage","url":"https:\/\/blogdacondessa.com.br\/blog\/wp-content\/uploads\/2024\/09\/paraolimpico.jpg","contentUrl":"https:\/\/blogdacondessa.com.br\/blog\/wp-content\/uploads\/2024\/09\/paraolimpico.jpg","width":1024,"height":789,"caption":"Foto: Marcello Zambrana\/CPB"},{"@type":"BreadcrumbList","@id":"https:\/\/blogdacondessa.com.br\/blog\/esporte\/judocas-de-mt-ganham-medalhas-de-ouro-e-prata-nas-paralimpiadas-de-paris\/#breadcrumb","itemListElement":[{"@type":"ListItem","position":1,"name":"In\u00edcio","item":"https:\/\/blogdacondessa.com.br\/blog\/"},{"@type":"ListItem","position":2,"name":"Judocas de MT ganham medalhas de ouro e prata nas Paralimp\u00edadas de Paris"}]},{"@type":"WebSite","@id":"https:\/\/blogdacondessa.com.br\/blog\/#website","url":"https:\/\/blogdacondessa.com.br\/blog\/","name":"Blog da Condessa","description":"Com Shirley de Souza O\u2019Campos","potentialAction":[{"@type":"SearchAction","target":{"@type":"EntryPoint","urlTemplate":"https:\/\/blogdacondessa.com.br\/blog\/?s={search_term_string}"},"query-input":{"@type":"PropertyValueSpecification","valueRequired":true,"valueName":"search_term_string"}}],"inLanguage":"pt-BR"},{"@type":"Person","@id":"https:\/\/blogdacondessa.com.br\/blog\/#\/schema\/person\/1d667ff8b785195b568677489d266035","name":"Blog da Condessa","image":{"@type":"ImageObject","inLanguage":"pt-BR","@id":"https:\/\/secure.gravatar.com\/avatar\/377c0eb8b4ad2bfc25461b41564b5971e721ca34a57642868fc7b0c8ac7b52c5?s=96&d=mm&r=g","url":"https:\/\/secure.gravatar.com\/avatar\/377c0eb8b4ad2bfc25461b41564b5971e721ca34a57642868fc7b0c8ac7b52c5?s=96&d=mm&r=g","contentUrl":"https:\/\/secure.gravatar.com\/avatar\/377c0eb8b4ad2bfc25461b41564b5971e721ca34a57642868fc7b0c8ac7b52c5?s=96&d=mm&r=g","caption":"Blog da Condessa"},"url":"https:\/\/blogdacondessa.com.br\/blog\/author\/beatriz\/"}]}},"_links":{"self":[{"href":"https:\/\/blogdacondessa.com.br\/blog\/wp-json\/wp\/v2\/posts\/10327","targetHints":{"allow":["GET"]}}],"collection":[{"href":"https:\/\/blogdacondessa.com.br\/blog\/wp-json\/wp\/v2\/posts"}],"about":[{"href":"https:\/\/blogdacondessa.com.br\/blog\/wp-json\/wp\/v2\/types\/post"}],"author":[{"embeddable":true,"href":"https:\/\/blogdacondessa.com.br\/blog\/wp-json\/wp\/v2\/users\/2"}],"replies":[{"embeddable":true,"href":"https:\/\/blogdacondessa.com.br\/blog\/wp-json\/wp\/v2\/comments?post=10327"}],"version-history":[{"count":0,"href":"https:\/\/blogdacondessa.com.br\/blog\/wp-json\/wp\/v2\/posts\/10327\/revisions"}],"wp:featuredmedia":[{"embeddable":true,"href":"https:\/\/blogdacondessa.com.br\/blog\/wp-json\/wp\/v2\/media\/10328"}],"wp:attachment":[{"href":"https:\/\/blogdacondessa.com.br\/blog\/wp-json\/wp\/v2\/media?parent=10327"}],"wp:term":[{"taxonomy":"category","embeddable":true,"href":"https:\/\/blogdacondessa.com.br\/blog\/wp-json\/wp\/v2\/categories?post=10327"},{"taxonomy":"post_tag","embeddable":true,"href":"https:\/\/blogdacondessa.com.br\/blog\/wp-json\/wp\/v2\/tags?post=10327"}],"curies":[{"name":"wp","href":"https:\/\/api.w.org\/{rel}","templated":true}]}}