{"id":10318,"date":"2024-09-06T05:00:36","date_gmt":"2024-09-06T09:00:36","guid":{"rendered":"https:\/\/blogdacondessa.com.br\/blog\/?p=10318"},"modified":"2024-09-05T16:57:22","modified_gmt":"2024-09-05T20:57:22","slug":"hospital-de-cancer-e-uma-das-entidades-beneficiadas-pelo-nota-mt","status":"publish","type":"post","link":"https:\/\/blogdacondessa.com.br\/blog\/cotidiano\/hospital-de-cancer-e-uma-das-entidades-beneficiadas-pelo-nota-mt\/","title":{"rendered":"Hospital de C\u00e2ncer \u00e9 uma das entidades beneficiadas pelo Nota MT"},"content":{"rendered":"<p>O Governo do Estado, por meio da Unidade de A\u00e7\u00f5es Sociais e Aten\u00e7\u00e3o \u00e0 Fam\u00edlia (Unaf) e das secretarias de Fazenda (Sefaz) e de Assist\u00eancia Social e Cidadania (Setasc), entregou, na quarta-feira (04.09), um cheque de R$ 27 mil do programa Nota MT ao Hospital de C\u00e2ncer de Mato Grosso. O valor soma-se aos quase R$ 750 mil j\u00e1 recebidos pela institui\u00e7\u00e3o que h\u00e1 25 anos atende os pacientes com c\u00e2ncer em todo o Estado.<\/p>\n<p>A solenidade reuniu diversas institui\u00e7\u00f5es filantr\u00f3picas e a equipe do Hospital de C\u00e2ncer. Tamb\u00e9m participaram o secret\u00e1rio adjunto de Projetos Estrat\u00e9gicos da Sefaz, Vin\u00edcius Simioni, e os auditores da Controladoria Geral do Estado, Jonathas Fuji e M\u00e1rcio Costa.<\/p>\n<p>\u201cO Nota MT tem ajudado v\u00e1rias entidades. Hoje estamos entregando o valor de R$ 27 mil, mas j\u00e1 foram mais de R$ 750 mil, mais ou menos, repassados ao Hospital de C\u00e2ncer. Ent\u00e3o, \u00e9 importante essa entrega para que, tamb\u00e9m, as entidades saibam que esse \u00e9 um trabalho s\u00e9rio do Governo Estadual\u201d, disse a primeira-dama de Mato Grosso, Virginia Mendes.<\/p>\n<p>Ao receber o cheque, o vice-diretor, Erik Bustamante, agradeceu a parceria do Estado e ressaltou que o todo valor j\u00e1 recebido do Nota MT foi destinado para o tratamento das pessoas com c\u00e2ncer. Para ele, todo valor \u00e9 bem-vindo e ajuda a institui\u00e7\u00e3o.<\/p>\n<p>\u201cO valor recebido, at\u00e9 agora, j\u00e1 foi utilizado na compra de materiais, medicamentos para quimioterapia, para tratamento cir\u00fargico, para o paciente que entra no centro cir\u00fargico para fazer anestesia geral, para compra de material de instrumental cir\u00fargico para o hospital, como tamb\u00e9m para a UTI\u201d, afirmou o vice-diretor do hospital.<\/p>\n<p>O Hospital de C\u00e2ncer \u00e9 uma das 255 entidades sociais beneficiadas pelo programa Nota MT. Cada institui\u00e7\u00e3o indicada pelos sorteados no Nota MT recebe o equivalente a 20% do valor do pr\u00eamio, sem qualquer desconto no valor destinado ao premiado. Por exemplo, nos pr\u00eamios de R$ 100 mil, o cidad\u00e3o sorteado recebe o valor integral, enquanto a institui\u00e7\u00e3o por ele indicada recebe R$ 20 mil adicionais.<\/p>\n<p>Para o secret\u00e1rio de Fazenda, Rog\u00e9rio Gallo, esse \u00e9 um dos diferenciais do Nota MT que foi criado com o objetivo de fomentar a cidadania fiscal e que beneficia a todos, tanto quem pede o CPF na nota, quanto as entidades e, tamb\u00e9m o setor do com\u00e9rcio.<\/p>\n<p>\u201cTodos saem ganhando com o Nota MT. O poder p\u00fablico ganha porque o cidad\u00e3o se cadastra e pede a nota fiscal. O cidad\u00e3o \u00e9 premiado quando sorteado e, ao indicar uma entidade filantr\u00f3pica, essa tamb\u00e9m recebe um valor que contribui para a manuten\u00e7\u00e3o de suas atividades. Al\u00e9m disso, essas institui\u00e7\u00f5es incentivam outras pessoas a se cadastrarem, criando uma corrente positiva que beneficia inclusive o com\u00e9rcio e o bom comerciante que paga o imposto\u201d, disse o secret\u00e1rio de Fazenda.<\/p>\n<p><strong>As entidades<\/strong><\/p>\n<p>Para uma entidade social participar do Nota MT \u00e9 preciso antes ser cadastrada na Secretaria de Assist\u00eancia Social e Cidadania.<\/p>\n<p>A secret\u00e1ria da Setasc, Grasi Paes Bugalho, participou da entrega e ressaltou que al\u00e9m do Nota MT, o cadastro possibilita a participa\u00e7\u00e3o em outros programas da secretaria.<\/p>\n<p>&#8220;As institui\u00e7\u00f5es s\u00e3o cadastradas e credenciadas pela Setasc, e para n\u00f3s, \u00e9 uma grande satisfa\u00e7\u00e3o, porque, al\u00e9m de habilitar a institui\u00e7\u00e3o para participar do Nota MT, tamb\u00e9m \u00e9 uma oportunidade de habilit\u00e1-la para participar de v\u00e1rios outros programas estaduais. Um exemplo disso \u00e9 o edital, atualmente aberto, que financia projetos de at\u00e9 R$ 300 mil. Essa parceria \u00e9 essencial para que o Estado, que muitas vezes n\u00e3o consegue alcan\u00e7ar todas as regi\u00f5es, consiga chegar atrav\u00e9s de institui\u00e7\u00f5es s\u00e9rias, que realmente se dedicam a servir e cuidar das pessoas&#8221;<\/p>\n<p>Atualmente, o Nota MT conta com 260 entidades com cadastro ativo, das quais 255 j\u00e1 receberam recursos do programa de incentivo \u00e0 cidadania fiscal. Ao todo, foram repassados R$ 8.200.800,00.<\/p>\n<p>Entidades sem fins lucrativos, interessadas em participar do Programa Nota MT, devem encaminhar um e-mail para o endere\u00e7o: cadastramentoentidades2021@setasc.mt.gov.br, colocando no t\u00edtulo \u201cCadastramento de Entidade \u2013 Nome da Entidade\u201d, encaminhando toda a documenta\u00e7\u00e3o exigida pelo Edital 001\/2023. A documenta\u00e7\u00e3o dever\u00e1 estar leg\u00edvel em PDF.<\/p>\n<p>&nbsp;<\/p>\n","protected":false},"excerpt":{"rendered":"<p>O Governo do Estado, por meio da Unidade de A\u00e7\u00f5es Sociais e Aten\u00e7\u00e3o \u00e0 Fam\u00edlia (Unaf) e das secretarias de Fazenda (Sefaz) e de Assist\u00eancia Social e Cidadania (Setasc), entregou, na quarta-feira (04.09), um cheque de R$ 27 mil do programa Nota MT ao Hospital de C\u00e2ncer de Mato Grosso. O valor soma-se aos quase [&hellip;]<\/p>\n","protected":false},"author":2,"featured_media":10319,"comment_status":"closed","ping_status":"closed","sticky":false,"template":"","format":"standard","meta":{"iawp_total_views":6,"footnotes":""},"categories":[24],"tags":[],"class_list":["post-10318","post","type-post","status-publish","format-standard","has-post-thumbnail","hentry","category-cotidiano"],"yoast_head":"<!-- This site is optimized with the Yoast SEO plugin v27.3 - https:\/\/yoast.com\/product\/yoast-seo-wordpress\/ -->\n<title>Hospital de C\u00e2ncer \u00e9 uma das entidades beneficiadas pelo Nota MT &#8902; Blog da Condessa<\/title>\n<meta name=\"robots\" content=\"index, follow, max-snippet:-1, max-image-preview:large, max-video-preview:-1\" \/>\n<link rel=\"canonical\" href=\"https:\/\/blogdacondessa.com.br\/blog\/cotidiano\/hospital-de-cancer-e-uma-das-entidades-beneficiadas-pelo-nota-mt\/\" \/>\n<meta property=\"og:locale\" content=\"pt_BR\" \/>\n<meta property=\"og:type\" content=\"article\" \/>\n<meta property=\"og:title\" content=\"Hospital de C\u00e2ncer \u00e9 uma das entidades beneficiadas pelo Nota MT &#8902; Blog da Condessa\" \/>\n<meta property=\"og:description\" content=\"O Governo do Estado, por meio da Unidade de A\u00e7\u00f5es Sociais e Aten\u00e7\u00e3o \u00e0 Fam\u00edlia (Unaf) e das secretarias de Fazenda (Sefaz) e de Assist\u00eancia Social e Cidadania (Setasc), entregou, na quarta-feira (04.09), um cheque de R$ 27 mil do programa Nota MT ao Hospital de C\u00e2ncer de Mato Grosso. O valor soma-se aos quase [&hellip;]\" \/>\n<meta property=\"og:url\" content=\"https:\/\/blogdacondessa.com.br\/blog\/cotidiano\/hospital-de-cancer-e-uma-das-entidades-beneficiadas-pelo-nota-mt\/\" \/>\n<meta property=\"og:site_name\" content=\"Blog da Condessa\" \/>\n<meta property=\"article:published_time\" content=\"2024-09-06T09:00:36+00:00\" \/>\n<meta property=\"og:image\" content=\"https:\/\/blogdacondessa.com.br\/blog\/wp-content\/uploads\/2024\/09\/nota-mt-scaled.jpg\" \/>\n\t<meta property=\"og:image:width\" content=\"2560\" \/>\n\t<meta property=\"og:image:height\" content=\"1707\" \/>\n\t<meta property=\"og:image:type\" content=\"image\/jpeg\" \/>\n<meta name=\"author\" content=\"Blog da Condessa\" \/>\n<meta name=\"twitter:card\" content=\"summary_large_image\" \/>\n<meta name=\"twitter:label1\" content=\"Escrito por\" \/>\n\t<meta name=\"twitter:data1\" content=\"Blog da Condessa\" \/>\n\t<meta name=\"twitter:label2\" content=\"Est. tempo de leitura\" \/>\n\t<meta name=\"twitter:data2\" content=\"4 minutos\" \/>\n<script type=\"application\/ld+json\" class=\"yoast-schema-graph\">{\"@context\":\"https:\\\/\\\/schema.org\",\"@graph\":[{\"@type\":\"Article\",\"@id\":\"https:\\\/\\\/blogdacondessa.com.br\\\/blog\\\/cotidiano\\\/hospital-de-cancer-e-uma-das-entidades-beneficiadas-pelo-nota-mt\\\/#article\",\"isPartOf\":{\"@id\":\"https:\\\/\\\/blogdacondessa.com.br\\\/blog\\\/cotidiano\\\/hospital-de-cancer-e-uma-das-entidades-beneficiadas-pelo-nota-mt\\\/\"},\"author\":{\"name\":\"Blog da Condessa\",\"@id\":\"https:\\\/\\\/blogdacondessa.com.br\\\/blog\\\/#\\\/schema\\\/person\\\/1d667ff8b785195b568677489d266035\"},\"headline\":\"Hospital de C\u00e2ncer \u00e9 uma das entidades beneficiadas pelo Nota MT\",\"datePublished\":\"2024-09-06T09:00:36+00:00\",\"mainEntityOfPage\":{\"@id\":\"https:\\\/\\\/blogdacondessa.com.br\\\/blog\\\/cotidiano\\\/hospital-de-cancer-e-uma-das-entidades-beneficiadas-pelo-nota-mt\\\/\"},\"wordCount\":725,\"image\":{\"@id\":\"https:\\\/\\\/blogdacondessa.com.br\\\/blog\\\/cotidiano\\\/hospital-de-cancer-e-uma-das-entidades-beneficiadas-pelo-nota-mt\\\/#primaryimage\"},\"thumbnailUrl\":\"https:\\\/\\\/blogdacondessa.com.br\\\/blog\\\/wp-content\\\/uploads\\\/2024\\\/09\\\/nota-mt-scaled.jpg\",\"articleSection\":[\"Cotidiano\"],\"inLanguage\":\"pt-BR\"},{\"@type\":\"WebPage\",\"@id\":\"https:\\\/\\\/blogdacondessa.com.br\\\/blog\\\/cotidiano\\\/hospital-de-cancer-e-uma-das-entidades-beneficiadas-pelo-nota-mt\\\/\",\"url\":\"https:\\\/\\\/blogdacondessa.com.br\\\/blog\\\/cotidiano\\\/hospital-de-cancer-e-uma-das-entidades-beneficiadas-pelo-nota-mt\\\/\",\"name\":\"Hospital de C\u00e2ncer \u00e9 uma das entidades beneficiadas pelo Nota MT &#8902; Blog da Condessa\",\"isPartOf\":{\"@id\":\"https:\\\/\\\/blogdacondessa.com.br\\\/blog\\\/#website\"},\"primaryImageOfPage\":{\"@id\":\"https:\\\/\\\/blogdacondessa.com.br\\\/blog\\\/cotidiano\\\/hospital-de-cancer-e-uma-das-entidades-beneficiadas-pelo-nota-mt\\\/#primaryimage\"},\"image\":{\"@id\":\"https:\\\/\\\/blogdacondessa.com.br\\\/blog\\\/cotidiano\\\/hospital-de-cancer-e-uma-das-entidades-beneficiadas-pelo-nota-mt\\\/#primaryimage\"},\"thumbnailUrl\":\"https:\\\/\\\/blogdacondessa.com.br\\\/blog\\\/wp-content\\\/uploads\\\/2024\\\/09\\\/nota-mt-scaled.jpg\",\"datePublished\":\"2024-09-06T09:00:36+00:00\",\"author\":{\"@id\":\"https:\\\/\\\/blogdacondessa.com.br\\\/blog\\\/#\\\/schema\\\/person\\\/1d667ff8b785195b568677489d266035\"},\"breadcrumb\":{\"@id\":\"https:\\\/\\\/blogdacondessa.com.br\\\/blog\\\/cotidiano\\\/hospital-de-cancer-e-uma-das-entidades-beneficiadas-pelo-nota-mt\\\/#breadcrumb\"},\"inLanguage\":\"pt-BR\",\"potentialAction\":[{\"@type\":\"ReadAction\",\"target\":[\"https:\\\/\\\/blogdacondessa.com.br\\\/blog\\\/cotidiano\\\/hospital-de-cancer-e-uma-das-entidades-beneficiadas-pelo-nota-mt\\\/\"]}]},{\"@type\":\"ImageObject\",\"inLanguage\":\"pt-BR\",\"@id\":\"https:\\\/\\\/blogdacondessa.com.br\\\/blog\\\/cotidiano\\\/hospital-de-cancer-e-uma-das-entidades-beneficiadas-pelo-nota-mt\\\/#primaryimage\",\"url\":\"https:\\\/\\\/blogdacondessa.com.br\\\/blog\\\/wp-content\\\/uploads\\\/2024\\\/09\\\/nota-mt-scaled.jpg\",\"contentUrl\":\"https:\\\/\\\/blogdacondessa.com.br\\\/blog\\\/wp-content\\\/uploads\\\/2024\\\/09\\\/nota-mt-scaled.jpg\",\"width\":2560,\"height\":1707,\"caption\":\"Foto por: Fl\u00e1vio Costa\"},{\"@type\":\"BreadcrumbList\",\"@id\":\"https:\\\/\\\/blogdacondessa.com.br\\\/blog\\\/cotidiano\\\/hospital-de-cancer-e-uma-das-entidades-beneficiadas-pelo-nota-mt\\\/#breadcrumb\",\"itemListElement\":[{\"@type\":\"ListItem\",\"position\":1,\"name\":\"In\u00edcio\",\"item\":\"https:\\\/\\\/blogdacondessa.com.br\\\/blog\\\/\"},{\"@type\":\"ListItem\",\"position\":2,\"name\":\"Hospital de C\u00e2ncer \u00e9 uma das entidades beneficiadas pelo Nota MT\"}]},{\"@type\":\"WebSite\",\"@id\":\"https:\\\/\\\/blogdacondessa.com.br\\\/blog\\\/#website\",\"url\":\"https:\\\/\\\/blogdacondessa.com.br\\\/blog\\\/\",\"name\":\"Blog da Condessa\",\"description\":\"Com Shirley de Souza O\u2019Campos\",\"potentialAction\":[{\"@type\":\"SearchAction\",\"target\":{\"@type\":\"EntryPoint\",\"urlTemplate\":\"https:\\\/\\\/blogdacondessa.com.br\\\/blog\\\/?s={search_term_string}\"},\"query-input\":{\"@type\":\"PropertyValueSpecification\",\"valueRequired\":true,\"valueName\":\"search_term_string\"}}],\"inLanguage\":\"pt-BR\"},{\"@type\":\"Person\",\"@id\":\"https:\\\/\\\/blogdacondessa.com.br\\\/blog\\\/#\\\/schema\\\/person\\\/1d667ff8b785195b568677489d266035\",\"name\":\"Blog da Condessa\",\"image\":{\"@type\":\"ImageObject\",\"inLanguage\":\"pt-BR\",\"@id\":\"https:\\\/\\\/secure.gravatar.com\\\/avatar\\\/377c0eb8b4ad2bfc25461b41564b5971e721ca34a57642868fc7b0c8ac7b52c5?s=96&d=mm&r=g\",\"url\":\"https:\\\/\\\/secure.gravatar.com\\\/avatar\\\/377c0eb8b4ad2bfc25461b41564b5971e721ca34a57642868fc7b0c8ac7b52c5?s=96&d=mm&r=g\",\"contentUrl\":\"https:\\\/\\\/secure.gravatar.com\\\/avatar\\\/377c0eb8b4ad2bfc25461b41564b5971e721ca34a57642868fc7b0c8ac7b52c5?s=96&d=mm&r=g\",\"caption\":\"Blog da Condessa\"},\"url\":\"https:\\\/\\\/blogdacondessa.com.br\\\/blog\\\/author\\\/beatriz\\\/\"}]}<\/script>\n<!-- \/ Yoast SEO plugin. -->","yoast_head_json":{"title":"Hospital de C\u00e2ncer \u00e9 uma das entidades beneficiadas pelo Nota MT &#8902; Blog da Condessa","robots":{"index":"index","follow":"follow","max-snippet":"max-snippet:-1","max-image-preview":"max-image-preview:large","max-video-preview":"max-video-preview:-1"},"canonical":"https:\/\/blogdacondessa.com.br\/blog\/cotidiano\/hospital-de-cancer-e-uma-das-entidades-beneficiadas-pelo-nota-mt\/","og_locale":"pt_BR","og_type":"article","og_title":"Hospital de C\u00e2ncer \u00e9 uma das entidades beneficiadas pelo Nota MT &#8902; Blog da Condessa","og_description":"O Governo do Estado, por meio da Unidade de A\u00e7\u00f5es Sociais e Aten\u00e7\u00e3o \u00e0 Fam\u00edlia (Unaf) e das secretarias de Fazenda (Sefaz) e de Assist\u00eancia Social e Cidadania (Setasc), entregou, na quarta-feira (04.09), um cheque de R$ 27 mil do programa Nota MT ao Hospital de C\u00e2ncer de Mato Grosso. O valor soma-se aos quase [&hellip;]","og_url":"https:\/\/blogdacondessa.com.br\/blog\/cotidiano\/hospital-de-cancer-e-uma-das-entidades-beneficiadas-pelo-nota-mt\/","og_site_name":"Blog da Condessa","article_published_time":"2024-09-06T09:00:36+00:00","og_image":[{"width":2560,"height":1707,"url":"https:\/\/blogdacondessa.com.br\/blog\/wp-content\/uploads\/2024\/09\/nota-mt-scaled.jpg","type":"image\/jpeg"}],"author":"Blog da Condessa","twitter_card":"summary_large_image","twitter_misc":{"Escrito por":"Blog da Condessa","Est. tempo de leitura":"4 minutos"},"schema":{"@context":"https:\/\/schema.org","@graph":[{"@type":"Article","@id":"https:\/\/blogdacondessa.com.br\/blog\/cotidiano\/hospital-de-cancer-e-uma-das-entidades-beneficiadas-pelo-nota-mt\/#article","isPartOf":{"@id":"https:\/\/blogdacondessa.com.br\/blog\/cotidiano\/hospital-de-cancer-e-uma-das-entidades-beneficiadas-pelo-nota-mt\/"},"author":{"name":"Blog da Condessa","@id":"https:\/\/blogdacondessa.com.br\/blog\/#\/schema\/person\/1d667ff8b785195b568677489d266035"},"headline":"Hospital de C\u00e2ncer \u00e9 uma das entidades beneficiadas pelo Nota MT","datePublished":"2024-09-06T09:00:36+00:00","mainEntityOfPage":{"@id":"https:\/\/blogdacondessa.com.br\/blog\/cotidiano\/hospital-de-cancer-e-uma-das-entidades-beneficiadas-pelo-nota-mt\/"},"wordCount":725,"image":{"@id":"https:\/\/blogdacondessa.com.br\/blog\/cotidiano\/hospital-de-cancer-e-uma-das-entidades-beneficiadas-pelo-nota-mt\/#primaryimage"},"thumbnailUrl":"https:\/\/blogdacondessa.com.br\/blog\/wp-content\/uploads\/2024\/09\/nota-mt-scaled.jpg","articleSection":["Cotidiano"],"inLanguage":"pt-BR"},{"@type":"WebPage","@id":"https:\/\/blogdacondessa.com.br\/blog\/cotidiano\/hospital-de-cancer-e-uma-das-entidades-beneficiadas-pelo-nota-mt\/","url":"https:\/\/blogdacondessa.com.br\/blog\/cotidiano\/hospital-de-cancer-e-uma-das-entidades-beneficiadas-pelo-nota-mt\/","name":"Hospital de C\u00e2ncer \u00e9 uma das entidades beneficiadas pelo Nota MT &#8902; Blog da Condessa","isPartOf":{"@id":"https:\/\/blogdacondessa.com.br\/blog\/#website"},"primaryImageOfPage":{"@id":"https:\/\/blogdacondessa.com.br\/blog\/cotidiano\/hospital-de-cancer-e-uma-das-entidades-beneficiadas-pelo-nota-mt\/#primaryimage"},"image":{"@id":"https:\/\/blogdacondessa.com.br\/blog\/cotidiano\/hospital-de-cancer-e-uma-das-entidades-beneficiadas-pelo-nota-mt\/#primaryimage"},"thumbnailUrl":"https:\/\/blogdacondessa.com.br\/blog\/wp-content\/uploads\/2024\/09\/nota-mt-scaled.jpg","datePublished":"2024-09-06T09:00:36+00:00","author":{"@id":"https:\/\/blogdacondessa.com.br\/blog\/#\/schema\/person\/1d667ff8b785195b568677489d266035"},"breadcrumb":{"@id":"https:\/\/blogdacondessa.com.br\/blog\/cotidiano\/hospital-de-cancer-e-uma-das-entidades-beneficiadas-pelo-nota-mt\/#breadcrumb"},"inLanguage":"pt-BR","potentialAction":[{"@type":"ReadAction","target":["https:\/\/blogdacondessa.com.br\/blog\/cotidiano\/hospital-de-cancer-e-uma-das-entidades-beneficiadas-pelo-nota-mt\/"]}]},{"@type":"ImageObject","inLanguage":"pt-BR","@id":"https:\/\/blogdacondessa.com.br\/blog\/cotidiano\/hospital-de-cancer-e-uma-das-entidades-beneficiadas-pelo-nota-mt\/#primaryimage","url":"https:\/\/blogdacondessa.com.br\/blog\/wp-content\/uploads\/2024\/09\/nota-mt-scaled.jpg","contentUrl":"https:\/\/blogdacondessa.com.br\/blog\/wp-content\/uploads\/2024\/09\/nota-mt-scaled.jpg","width":2560,"height":1707,"caption":"Foto por: Fl\u00e1vio Costa"},{"@type":"BreadcrumbList","@id":"https:\/\/blogdacondessa.com.br\/blog\/cotidiano\/hospital-de-cancer-e-uma-das-entidades-beneficiadas-pelo-nota-mt\/#breadcrumb","itemListElement":[{"@type":"ListItem","position":1,"name":"In\u00edcio","item":"https:\/\/blogdacondessa.com.br\/blog\/"},{"@type":"ListItem","position":2,"name":"Hospital de C\u00e2ncer \u00e9 uma das entidades beneficiadas pelo Nota MT"}]},{"@type":"WebSite","@id":"https:\/\/blogdacondessa.com.br\/blog\/#website","url":"https:\/\/blogdacondessa.com.br\/blog\/","name":"Blog da Condessa","description":"Com Shirley de Souza O\u2019Campos","potentialAction":[{"@type":"SearchAction","target":{"@type":"EntryPoint","urlTemplate":"https:\/\/blogdacondessa.com.br\/blog\/?s={search_term_string}"},"query-input":{"@type":"PropertyValueSpecification","valueRequired":true,"valueName":"search_term_string"}}],"inLanguage":"pt-BR"},{"@type":"Person","@id":"https:\/\/blogdacondessa.com.br\/blog\/#\/schema\/person\/1d667ff8b785195b568677489d266035","name":"Blog da Condessa","image":{"@type":"ImageObject","inLanguage":"pt-BR","@id":"https:\/\/secure.gravatar.com\/avatar\/377c0eb8b4ad2bfc25461b41564b5971e721ca34a57642868fc7b0c8ac7b52c5?s=96&d=mm&r=g","url":"https:\/\/secure.gravatar.com\/avatar\/377c0eb8b4ad2bfc25461b41564b5971e721ca34a57642868fc7b0c8ac7b52c5?s=96&d=mm&r=g","contentUrl":"https:\/\/secure.gravatar.com\/avatar\/377c0eb8b4ad2bfc25461b41564b5971e721ca34a57642868fc7b0c8ac7b52c5?s=96&d=mm&r=g","caption":"Blog da Condessa"},"url":"https:\/\/blogdacondessa.com.br\/blog\/author\/beatriz\/"}]}},"_links":{"self":[{"href":"https:\/\/blogdacondessa.com.br\/blog\/wp-json\/wp\/v2\/posts\/10318","targetHints":{"allow":["GET"]}}],"collection":[{"href":"https:\/\/blogdacondessa.com.br\/blog\/wp-json\/wp\/v2\/posts"}],"about":[{"href":"https:\/\/blogdacondessa.com.br\/blog\/wp-json\/wp\/v2\/types\/post"}],"author":[{"embeddable":true,"href":"https:\/\/blogdacondessa.com.br\/blog\/wp-json\/wp\/v2\/users\/2"}],"replies":[{"embeddable":true,"href":"https:\/\/blogdacondessa.com.br\/blog\/wp-json\/wp\/v2\/comments?post=10318"}],"version-history":[{"count":0,"href":"https:\/\/blogdacondessa.com.br\/blog\/wp-json\/wp\/v2\/posts\/10318\/revisions"}],"wp:featuredmedia":[{"embeddable":true,"href":"https:\/\/blogdacondessa.com.br\/blog\/wp-json\/wp\/v2\/media\/10319"}],"wp:attachment":[{"href":"https:\/\/blogdacondessa.com.br\/blog\/wp-json\/wp\/v2\/media?parent=10318"}],"wp:term":[{"taxonomy":"category","embeddable":true,"href":"https:\/\/blogdacondessa.com.br\/blog\/wp-json\/wp\/v2\/categories?post=10318"},{"taxonomy":"post_tag","embeddable":true,"href":"https:\/\/blogdacondessa.com.br\/blog\/wp-json\/wp\/v2\/tags?post=10318"}],"curies":[{"name":"wp","href":"https:\/\/api.w.org\/{rel}","templated":true}]}}