{"id":10213,"date":"2024-08-21T05:00:09","date_gmt":"2024-08-21T09:00:09","guid":{"rendered":"https:\/\/blogdacondessa.com.br\/blog\/?p=10213"},"modified":"2024-08-20T15:44:18","modified_gmt":"2024-08-20T19:44:18","slug":"cora-do-rio-vermelho","status":"publish","type":"post","link":"https:\/\/blogdacondessa.com.br\/blog\/cultura\/cora-do-rio-vermelho\/","title":{"rendered":"&#8220;Cora do Rio Vermelho&#8221;"},"content":{"rendered":"<p>Pe\u00e7a em homenagem a Cora Coralina estreia em Cuiab\u00e1. Ser\u00e3o duas apresenta\u00e7\u00f5es nos dias 29 e 30 de agosto, no Cine Teatro.<\/p>\n<p>Ap\u00f3s sucesso de p\u00fablico e cr\u00edtica em todo o pa\u00eds, o mon\u00f3logo &#8220;Cora do Rio Vermelho&#8221;, com a atriz Raquel Penner, estreia em Cuiab\u00e1 como parte das comemora\u00e7\u00f5es dos 135 anos de nascimento da escritora Cora Coralina. A pe\u00e7a, que celebra a for\u00e7a feminina e a alma da mulher brasileira, estar\u00e1 em cartaz em 11 cidades das regi\u00f5es centro-oeste e norte, com patroc\u00ednio oficial da Petrobras e incentivo fiscal da Lei Federal de Incentivo \u00e0 Cultura do Governo Federal. Em Cuiab\u00e1 ser\u00e3o duas apresenta\u00e7\u00f5es nos dias 29 e 30 de agosto no Cine Teatro Cuiab\u00e1 .<br \/>\nCom dramaturgia de Leonardo Sim\u00f5es e dire\u00e7\u00e3o de Isaac Bernat, o espet\u00e1culo prop\u00f5e uma viagem pela vida e obra de Cora Coralina, entrela\u00e7ando poesia, contos e momentos da vida da escritora goiana. A montagem cria uma atmosfera intimista e divertida, convidando o p\u00fablico a mergulhar no universo de Cora atrav\u00e9s da atua\u00e7\u00e3o cativante de Raquel Penner.<\/p>\n<p>H\u00e1 mais de dois anos em cartaz, a pe\u00e7a nasceu da vontade da atriz Raquel Penner montar o seu primeiro mon\u00f3logo. Para ter ideias, ela come\u00e7ou a anotar frases, desejos e pensamentos soltos que, frequentemente, falavam sobre o universo da mulher brasileira. Ao reler a obra de Cora Coralina, percebeu que a poesia e os contos da escritora e doceira goiana iam justamente ao encontro \u00e0 sua inquieta\u00e7\u00e3o art\u00edstica.<\/p>\n<p>Al\u00e9m do espet\u00e1culo, o projeto contar\u00e1 com a Oficina \u201cFrutos da Terra\u201d, ministrada pelo diretor Isaac Bernat, , a partir da sua pesquisa sobre o griot africano Sotigui Kouyat\u00e9, que vai desenvolver &#8211; atrav\u00e9s de exerc\u00edcios de sensibiliza\u00e7\u00e3o &#8211; o papel que o ato de contar hist\u00f3rias individualmente e em grupo pode ter no reconhecimento da identidade do ator e\/ou do indiv\u00edduo como parte da sociedade. O trabalho parte da pesquisa sobre os griots, que s\u00e3o os mestres da palavra e a mem\u00f3ria do continente africano.<\/p>\n<p>Pseud\u00f4nimo de Anna Lins dos Guimar\u00e3es Peixoto Bretas, Cora Coralina (1889 \u2013 1985) \u00e9 considerada uma das mais importantes escritoras brasileiras. Nascida na cidade de Goi\u00e1s, ela viveu mais de quatro d\u00e9cadas em S\u00e3o Paulo. Apesar de escrever seus versos desde a adolesc\u00eancia, ganhava a vida como doceira, e seu primeiro livro s\u00f3 foi publicado em junho de 1965, quando tinha quase 76 anos de idade. Escreveu sobre os lugares onde viveu, as pessoas com as quais se relacionou e a natureza que observava.<\/p>\n<p>Com ingressos a pre\u00e7os populares, todas as apresenta\u00e7\u00f5es ter\u00e3o int\u00e9rprete de Libras, notas introdut\u00f3rias com informa\u00e7\u00f5es para ampliar a acessibilidade das pessoas com defici\u00eancia visual, espa\u00e7o de regula\u00e7\u00e3o e ser\u00e3o seguidas de um bate-papo entre a equipe e os espectadores.<br \/>\n<strong>Destaques do espet\u00e1culo:<br \/>\n<\/strong>Homenagem a Cora Coralina: Uma celebra\u00e7\u00e3o da vida e obra de uma das mais importantes escritoras brasileiras.<br \/>\nTexto emocionante: Dramaturgia sens\u00edvel que re\u00fane poemas e passagens da vida de Cora.<br \/>\nTrilha sonora especial: M\u00fasicas populares com vozes de cantoras-atrizes renomadas.<br \/>\nAcessibilidade: Todas as apresenta\u00e7\u00f5es contar\u00e3o com int\u00e9rprete de Libras, notas introdut\u00f3rias para pessoas com defici\u00eancia visual e espa\u00e7o de regula\u00e7\u00e3o.<br \/>\nIngressos populares: Pre\u00e7os acess\u00edveis para que todos possam prestigiar o espet\u00e1culo.<br \/>\nBate-papo: Ap\u00f3s cada apresenta\u00e7\u00e3o, a equipe estar\u00e1 dispon\u00edvel para conversar com o p\u00fablico.<br \/>\n<strong>Servi\u00e7o<br \/>\n<\/strong>Espet\u00e1culo: Cora do Rio Vermelho<br \/>\nLocal: Cine Teatro Cuiab\u00e1<br \/>\nData: 29 de agosto (quinta-feira) e 30 de agosto (sexta-feira)<br \/>\nHor\u00e1rio: 19:30<br \/>\nIngressos:Ingressos: R$ 30 (inteira) e R$ 15 (meia-entrada)<br \/>\nDura\u00e7\u00e3o: 55 minutos<br \/>\nClassifica\u00e7\u00e3o Et\u00e1ria: 10 anos<br \/>\nRedes: Instagram:\u00a0<a href=\"http:\/\/coradoriovermelho\/\">@coradoriovermelho<\/a><br \/>\nVenda online:<br \/>\n29\/8 &#8211;\u00a0<a href=\"https:\/\/bit.ly\/29AGO_CUIAB%C3%81\">https:\/\/bit.ly\/29AGO_CUIAB\u00c1<\/a><br \/>\n30\/8 &#8211;\u00a0<a href=\"https:\/\/bit.ly\/30AGO_CUIAB%C3%81\">https:\/\/bit.ly\/30AGO_CUIAB\u00c1<\/a><\/p>\n<p>&nbsp;<\/p>\n","protected":false},"excerpt":{"rendered":"<p>Pe\u00e7a em homenagem a Cora Coralina estreia em Cuiab\u00e1. Ser\u00e3o duas apresenta\u00e7\u00f5es nos dias 29 e 30 de agosto, no Cine Teatro. Ap\u00f3s sucesso de p\u00fablico e cr\u00edtica em todo o pa\u00eds, o mon\u00f3logo &#8220;Cora do Rio Vermelho&#8221;, com a atriz Raquel Penner, estreia em Cuiab\u00e1 como parte das comemora\u00e7\u00f5es dos 135 anos de nascimento [&hellip;]<\/p>\n","protected":false},"author":2,"featured_media":10214,"comment_status":"closed","ping_status":"closed","sticky":false,"template":"","format":"standard","meta":{"iawp_total_views":29,"footnotes":""},"categories":[18],"tags":[],"class_list":["post-10213","post","type-post","status-publish","format-standard","has-post-thumbnail","hentry","category-cultura"],"yoast_head":"<!-- This site is optimized with the Yoast SEO plugin v27.3 - https:\/\/yoast.com\/product\/yoast-seo-wordpress\/ -->\n<title>&quot;Cora do Rio Vermelho&quot; &#8902; Blog da Condessa<\/title>\n<meta name=\"robots\" content=\"index, follow, max-snippet:-1, max-image-preview:large, max-video-preview:-1\" \/>\n<link rel=\"canonical\" href=\"https:\/\/blogdacondessa.com.br\/blog\/cultura\/cora-do-rio-vermelho\/\" \/>\n<meta property=\"og:locale\" content=\"pt_BR\" \/>\n<meta property=\"og:type\" content=\"article\" \/>\n<meta property=\"og:title\" content=\"&quot;Cora do Rio Vermelho&quot; &#8902; Blog da Condessa\" \/>\n<meta property=\"og:description\" content=\"Pe\u00e7a em homenagem a Cora Coralina estreia em Cuiab\u00e1. Ser\u00e3o duas apresenta\u00e7\u00f5es nos dias 29 e 30 de agosto, no Cine Teatro. Ap\u00f3s sucesso de p\u00fablico e cr\u00edtica em todo o pa\u00eds, o mon\u00f3logo &#8220;Cora do Rio Vermelho&#8221;, com a atriz Raquel Penner, estreia em Cuiab\u00e1 como parte das comemora\u00e7\u00f5es dos 135 anos de nascimento [&hellip;]\" \/>\n<meta property=\"og:url\" content=\"https:\/\/blogdacondessa.com.br\/blog\/cultura\/cora-do-rio-vermelho\/\" \/>\n<meta property=\"og:site_name\" content=\"Blog da Condessa\" \/>\n<meta property=\"article:published_time\" content=\"2024-08-21T09:00:09+00:00\" \/>\n<meta property=\"og:image\" content=\"https:\/\/blogdacondessa.com.br\/blog\/wp-content\/uploads\/2024\/08\/cora-coralina.jpeg\" \/>\n\t<meta property=\"og:image:width\" content=\"920\" \/>\n\t<meta property=\"og:image:height\" content=\"614\" \/>\n\t<meta property=\"og:image:type\" content=\"image\/jpeg\" \/>\n<meta name=\"author\" content=\"Blog da Condessa\" \/>\n<meta name=\"twitter:card\" content=\"summary_large_image\" \/>\n<meta name=\"twitter:label1\" content=\"Escrito por\" \/>\n\t<meta name=\"twitter:data1\" content=\"Blog da Condessa\" \/>\n\t<meta name=\"twitter:label2\" content=\"Est. tempo de leitura\" \/>\n\t<meta name=\"twitter:data2\" content=\"4 minutos\" \/>\n<script type=\"application\/ld+json\" class=\"yoast-schema-graph\">{\"@context\":\"https:\\\/\\\/schema.org\",\"@graph\":[{\"@type\":\"Article\",\"@id\":\"https:\\\/\\\/blogdacondessa.com.br\\\/blog\\\/cultura\\\/cora-do-rio-vermelho\\\/#article\",\"isPartOf\":{\"@id\":\"https:\\\/\\\/blogdacondessa.com.br\\\/blog\\\/cultura\\\/cora-do-rio-vermelho\\\/\"},\"author\":{\"name\":\"Blog da Condessa\",\"@id\":\"https:\\\/\\\/blogdacondessa.com.br\\\/blog\\\/#\\\/schema\\\/person\\\/1d667ff8b785195b568677489d266035\"},\"headline\":\"&#8220;Cora do Rio Vermelho&#8221;\",\"datePublished\":\"2024-08-21T09:00:09+00:00\",\"mainEntityOfPage\":{\"@id\":\"https:\\\/\\\/blogdacondessa.com.br\\\/blog\\\/cultura\\\/cora-do-rio-vermelho\\\/\"},\"wordCount\":656,\"image\":{\"@id\":\"https:\\\/\\\/blogdacondessa.com.br\\\/blog\\\/cultura\\\/cora-do-rio-vermelho\\\/#primaryimage\"},\"thumbnailUrl\":\"https:\\\/\\\/blogdacondessa.com.br\\\/blog\\\/wp-content\\\/uploads\\\/2024\\\/08\\\/cora-coralina.jpeg\",\"articleSection\":[\"Cultura\"],\"inLanguage\":\"pt-BR\"},{\"@type\":\"WebPage\",\"@id\":\"https:\\\/\\\/blogdacondessa.com.br\\\/blog\\\/cultura\\\/cora-do-rio-vermelho\\\/\",\"url\":\"https:\\\/\\\/blogdacondessa.com.br\\\/blog\\\/cultura\\\/cora-do-rio-vermelho\\\/\",\"name\":\"\\\"Cora do Rio Vermelho\\\" &#8902; Blog da Condessa\",\"isPartOf\":{\"@id\":\"https:\\\/\\\/blogdacondessa.com.br\\\/blog\\\/#website\"},\"primaryImageOfPage\":{\"@id\":\"https:\\\/\\\/blogdacondessa.com.br\\\/blog\\\/cultura\\\/cora-do-rio-vermelho\\\/#primaryimage\"},\"image\":{\"@id\":\"https:\\\/\\\/blogdacondessa.com.br\\\/blog\\\/cultura\\\/cora-do-rio-vermelho\\\/#primaryimage\"},\"thumbnailUrl\":\"https:\\\/\\\/blogdacondessa.com.br\\\/blog\\\/wp-content\\\/uploads\\\/2024\\\/08\\\/cora-coralina.jpeg\",\"datePublished\":\"2024-08-21T09:00:09+00:00\",\"author\":{\"@id\":\"https:\\\/\\\/blogdacondessa.com.br\\\/blog\\\/#\\\/schema\\\/person\\\/1d667ff8b785195b568677489d266035\"},\"breadcrumb\":{\"@id\":\"https:\\\/\\\/blogdacondessa.com.br\\\/blog\\\/cultura\\\/cora-do-rio-vermelho\\\/#breadcrumb\"},\"inLanguage\":\"pt-BR\",\"potentialAction\":[{\"@type\":\"ReadAction\",\"target\":[\"https:\\\/\\\/blogdacondessa.com.br\\\/blog\\\/cultura\\\/cora-do-rio-vermelho\\\/\"]}]},{\"@type\":\"ImageObject\",\"inLanguage\":\"pt-BR\",\"@id\":\"https:\\\/\\\/blogdacondessa.com.br\\\/blog\\\/cultura\\\/cora-do-rio-vermelho\\\/#primaryimage\",\"url\":\"https:\\\/\\\/blogdacondessa.com.br\\\/blog\\\/wp-content\\\/uploads\\\/2024\\\/08\\\/cora-coralina.jpeg\",\"contentUrl\":\"https:\\\/\\\/blogdacondessa.com.br\\\/blog\\\/wp-content\\\/uploads\\\/2024\\\/08\\\/cora-coralina.jpeg\",\"width\":920,\"height\":614,\"caption\":\"Foto: Assessoria\"},{\"@type\":\"BreadcrumbList\",\"@id\":\"https:\\\/\\\/blogdacondessa.com.br\\\/blog\\\/cultura\\\/cora-do-rio-vermelho\\\/#breadcrumb\",\"itemListElement\":[{\"@type\":\"ListItem\",\"position\":1,\"name\":\"In\u00edcio\",\"item\":\"https:\\\/\\\/blogdacondessa.com.br\\\/blog\\\/\"},{\"@type\":\"ListItem\",\"position\":2,\"name\":\"&#8220;Cora do Rio Vermelho&#8221;\"}]},{\"@type\":\"WebSite\",\"@id\":\"https:\\\/\\\/blogdacondessa.com.br\\\/blog\\\/#website\",\"url\":\"https:\\\/\\\/blogdacondessa.com.br\\\/blog\\\/\",\"name\":\"Blog da Condessa\",\"description\":\"Com Shirley de Souza O\u2019Campos\",\"potentialAction\":[{\"@type\":\"SearchAction\",\"target\":{\"@type\":\"EntryPoint\",\"urlTemplate\":\"https:\\\/\\\/blogdacondessa.com.br\\\/blog\\\/?s={search_term_string}\"},\"query-input\":{\"@type\":\"PropertyValueSpecification\",\"valueRequired\":true,\"valueName\":\"search_term_string\"}}],\"inLanguage\":\"pt-BR\"},{\"@type\":\"Person\",\"@id\":\"https:\\\/\\\/blogdacondessa.com.br\\\/blog\\\/#\\\/schema\\\/person\\\/1d667ff8b785195b568677489d266035\",\"name\":\"Blog da Condessa\",\"image\":{\"@type\":\"ImageObject\",\"inLanguage\":\"pt-BR\",\"@id\":\"https:\\\/\\\/secure.gravatar.com\\\/avatar\\\/377c0eb8b4ad2bfc25461b41564b5971e721ca34a57642868fc7b0c8ac7b52c5?s=96&d=mm&r=g\",\"url\":\"https:\\\/\\\/secure.gravatar.com\\\/avatar\\\/377c0eb8b4ad2bfc25461b41564b5971e721ca34a57642868fc7b0c8ac7b52c5?s=96&d=mm&r=g\",\"contentUrl\":\"https:\\\/\\\/secure.gravatar.com\\\/avatar\\\/377c0eb8b4ad2bfc25461b41564b5971e721ca34a57642868fc7b0c8ac7b52c5?s=96&d=mm&r=g\",\"caption\":\"Blog da Condessa\"},\"url\":\"https:\\\/\\\/blogdacondessa.com.br\\\/blog\\\/author\\\/beatriz\\\/\"}]}<\/script>\n<!-- \/ Yoast SEO plugin. -->","yoast_head_json":{"title":"\"Cora do Rio Vermelho\" &#8902; Blog da Condessa","robots":{"index":"index","follow":"follow","max-snippet":"max-snippet:-1","max-image-preview":"max-image-preview:large","max-video-preview":"max-video-preview:-1"},"canonical":"https:\/\/blogdacondessa.com.br\/blog\/cultura\/cora-do-rio-vermelho\/","og_locale":"pt_BR","og_type":"article","og_title":"\"Cora do Rio Vermelho\" &#8902; Blog da Condessa","og_description":"Pe\u00e7a em homenagem a Cora Coralina estreia em Cuiab\u00e1. Ser\u00e3o duas apresenta\u00e7\u00f5es nos dias 29 e 30 de agosto, no Cine Teatro. Ap\u00f3s sucesso de p\u00fablico e cr\u00edtica em todo o pa\u00eds, o mon\u00f3logo &#8220;Cora do Rio Vermelho&#8221;, com a atriz Raquel Penner, estreia em Cuiab\u00e1 como parte das comemora\u00e7\u00f5es dos 135 anos de nascimento [&hellip;]","og_url":"https:\/\/blogdacondessa.com.br\/blog\/cultura\/cora-do-rio-vermelho\/","og_site_name":"Blog da Condessa","article_published_time":"2024-08-21T09:00:09+00:00","og_image":[{"width":920,"height":614,"url":"https:\/\/blogdacondessa.com.br\/blog\/wp-content\/uploads\/2024\/08\/cora-coralina.jpeg","type":"image\/jpeg"}],"author":"Blog da Condessa","twitter_card":"summary_large_image","twitter_misc":{"Escrito por":"Blog da Condessa","Est. tempo de leitura":"4 minutos"},"schema":{"@context":"https:\/\/schema.org","@graph":[{"@type":"Article","@id":"https:\/\/blogdacondessa.com.br\/blog\/cultura\/cora-do-rio-vermelho\/#article","isPartOf":{"@id":"https:\/\/blogdacondessa.com.br\/blog\/cultura\/cora-do-rio-vermelho\/"},"author":{"name":"Blog da Condessa","@id":"https:\/\/blogdacondessa.com.br\/blog\/#\/schema\/person\/1d667ff8b785195b568677489d266035"},"headline":"&#8220;Cora do Rio Vermelho&#8221;","datePublished":"2024-08-21T09:00:09+00:00","mainEntityOfPage":{"@id":"https:\/\/blogdacondessa.com.br\/blog\/cultura\/cora-do-rio-vermelho\/"},"wordCount":656,"image":{"@id":"https:\/\/blogdacondessa.com.br\/blog\/cultura\/cora-do-rio-vermelho\/#primaryimage"},"thumbnailUrl":"https:\/\/blogdacondessa.com.br\/blog\/wp-content\/uploads\/2024\/08\/cora-coralina.jpeg","articleSection":["Cultura"],"inLanguage":"pt-BR"},{"@type":"WebPage","@id":"https:\/\/blogdacondessa.com.br\/blog\/cultura\/cora-do-rio-vermelho\/","url":"https:\/\/blogdacondessa.com.br\/blog\/cultura\/cora-do-rio-vermelho\/","name":"\"Cora do Rio Vermelho\" &#8902; Blog da Condessa","isPartOf":{"@id":"https:\/\/blogdacondessa.com.br\/blog\/#website"},"primaryImageOfPage":{"@id":"https:\/\/blogdacondessa.com.br\/blog\/cultura\/cora-do-rio-vermelho\/#primaryimage"},"image":{"@id":"https:\/\/blogdacondessa.com.br\/blog\/cultura\/cora-do-rio-vermelho\/#primaryimage"},"thumbnailUrl":"https:\/\/blogdacondessa.com.br\/blog\/wp-content\/uploads\/2024\/08\/cora-coralina.jpeg","datePublished":"2024-08-21T09:00:09+00:00","author":{"@id":"https:\/\/blogdacondessa.com.br\/blog\/#\/schema\/person\/1d667ff8b785195b568677489d266035"},"breadcrumb":{"@id":"https:\/\/blogdacondessa.com.br\/blog\/cultura\/cora-do-rio-vermelho\/#breadcrumb"},"inLanguage":"pt-BR","potentialAction":[{"@type":"ReadAction","target":["https:\/\/blogdacondessa.com.br\/blog\/cultura\/cora-do-rio-vermelho\/"]}]},{"@type":"ImageObject","inLanguage":"pt-BR","@id":"https:\/\/blogdacondessa.com.br\/blog\/cultura\/cora-do-rio-vermelho\/#primaryimage","url":"https:\/\/blogdacondessa.com.br\/blog\/wp-content\/uploads\/2024\/08\/cora-coralina.jpeg","contentUrl":"https:\/\/blogdacondessa.com.br\/blog\/wp-content\/uploads\/2024\/08\/cora-coralina.jpeg","width":920,"height":614,"caption":"Foto: Assessoria"},{"@type":"BreadcrumbList","@id":"https:\/\/blogdacondessa.com.br\/blog\/cultura\/cora-do-rio-vermelho\/#breadcrumb","itemListElement":[{"@type":"ListItem","position":1,"name":"In\u00edcio","item":"https:\/\/blogdacondessa.com.br\/blog\/"},{"@type":"ListItem","position":2,"name":"&#8220;Cora do Rio Vermelho&#8221;"}]},{"@type":"WebSite","@id":"https:\/\/blogdacondessa.com.br\/blog\/#website","url":"https:\/\/blogdacondessa.com.br\/blog\/","name":"Blog da Condessa","description":"Com Shirley de Souza O\u2019Campos","potentialAction":[{"@type":"SearchAction","target":{"@type":"EntryPoint","urlTemplate":"https:\/\/blogdacondessa.com.br\/blog\/?s={search_term_string}"},"query-input":{"@type":"PropertyValueSpecification","valueRequired":true,"valueName":"search_term_string"}}],"inLanguage":"pt-BR"},{"@type":"Person","@id":"https:\/\/blogdacondessa.com.br\/blog\/#\/schema\/person\/1d667ff8b785195b568677489d266035","name":"Blog da Condessa","image":{"@type":"ImageObject","inLanguage":"pt-BR","@id":"https:\/\/secure.gravatar.com\/avatar\/377c0eb8b4ad2bfc25461b41564b5971e721ca34a57642868fc7b0c8ac7b52c5?s=96&d=mm&r=g","url":"https:\/\/secure.gravatar.com\/avatar\/377c0eb8b4ad2bfc25461b41564b5971e721ca34a57642868fc7b0c8ac7b52c5?s=96&d=mm&r=g","contentUrl":"https:\/\/secure.gravatar.com\/avatar\/377c0eb8b4ad2bfc25461b41564b5971e721ca34a57642868fc7b0c8ac7b52c5?s=96&d=mm&r=g","caption":"Blog da Condessa"},"url":"https:\/\/blogdacondessa.com.br\/blog\/author\/beatriz\/"}]}},"_links":{"self":[{"href":"https:\/\/blogdacondessa.com.br\/blog\/wp-json\/wp\/v2\/posts\/10213","targetHints":{"allow":["GET"]}}],"collection":[{"href":"https:\/\/blogdacondessa.com.br\/blog\/wp-json\/wp\/v2\/posts"}],"about":[{"href":"https:\/\/blogdacondessa.com.br\/blog\/wp-json\/wp\/v2\/types\/post"}],"author":[{"embeddable":true,"href":"https:\/\/blogdacondessa.com.br\/blog\/wp-json\/wp\/v2\/users\/2"}],"replies":[{"embeddable":true,"href":"https:\/\/blogdacondessa.com.br\/blog\/wp-json\/wp\/v2\/comments?post=10213"}],"version-history":[{"count":0,"href":"https:\/\/blogdacondessa.com.br\/blog\/wp-json\/wp\/v2\/posts\/10213\/revisions"}],"wp:featuredmedia":[{"embeddable":true,"href":"https:\/\/blogdacondessa.com.br\/blog\/wp-json\/wp\/v2\/media\/10214"}],"wp:attachment":[{"href":"https:\/\/blogdacondessa.com.br\/blog\/wp-json\/wp\/v2\/media?parent=10213"}],"wp:term":[{"taxonomy":"category","embeddable":true,"href":"https:\/\/blogdacondessa.com.br\/blog\/wp-json\/wp\/v2\/categories?post=10213"},{"taxonomy":"post_tag","embeddable":true,"href":"https:\/\/blogdacondessa.com.br\/blog\/wp-json\/wp\/v2\/tags?post=10213"}],"curies":[{"name":"wp","href":"https:\/\/api.w.org\/{rel}","templated":true}]}}