{"id":10210,"date":"2024-08-21T05:00:07","date_gmt":"2024-08-21T09:00:07","guid":{"rendered":"https:\/\/blogdacondessa.com.br\/blog\/?p=10210"},"modified":"2024-08-20T15:28:48","modified_gmt":"2024-08-20T19:28:48","slug":"a-trajetoria-das-apaes-e-o-seu-papel-vigoroso-na-construcao-de-uma-sociedade-mais-justa-e-equitativa","status":"publish","type":"post","link":"https:\/\/blogdacondessa.com.br\/blog\/institucional\/a-trajetoria-das-apaes-e-o-seu-papel-vigoroso-na-construcao-de-uma-sociedade-mais-justa-e-equitativa\/","title":{"rendered":"A trajet\u00f3ria das Apaes e o seu papel vigoroso na constru\u00e7\u00e3o de uma sociedade mais justa e equitativa"},"content":{"rendered":"<p>Apae Cuiab\u00e1 realiza de 21 a 28 de agosto a Semana Nacional da Pessoa com Defici\u00eancia Intelectual e M\u00faltiplas.<\/p>\n<p>A Associa\u00e7\u00e3o de Pais e Amigos dos Excepcionais de Cuiab\u00e1, estar\u00e1 realizando de 21 \u00e0 28 de agosto, a Semana Nacional da Pessoa com Defici\u00eancia Intelectual e M\u00faltiplas com o tema \u201cNossa hist\u00f3ria: quem somos e o que fazemos\u201d, com a\u00e7\u00f5es e o despertar do movimento para as pessoas com defici\u00eancia.<\/p>\n<p>Na programa\u00e7\u00e3o foram convidadas pessoas, personalidades, fam\u00edlias para que possa ter grandes hist\u00f3rias contadas com seu envolvimento com a Apae.<\/p>\n<p>o longo dos 57 anos, a Apae Cuiab\u00e1 tem lutado para criar um presente e um futuro mais pr\u00f3spero para as pessoas com defici\u00eancia e suas fam\u00edlias. Por meio de um trabalho incans\u00e1vel e \u00edmpar, constr\u00f3i uma sociedade mais justa e inclusiva, onde os direitos s\u00e3o assegurados.<\/p>\n<p>Idealizada pela Apae Brasil h\u00e1 mais de seis d\u00e9cadas, a Semana Nacional da Pessoa com Defici\u00eancia Intelectual e M\u00faltipla surgiu com outro nome, no entanto, com o Projeto de Lei n\u00b0 5090, de 2013, foi intitulada pelo que conhecemos atualmente e que, por meio de debates, palestras e manifesta\u00e7\u00f5es acerca das pessoas com defici\u00eancia e suas fam\u00edlias, \u00e9 hoje a campanha de refer\u00eancia em nosso pa\u00eds na luta por visibilidade e representatividade.<\/p>\n<p>A Semana Nacional \u00e9 comemorada anualmente entre os dias 21 e 28 de agosto, institu\u00edda pela Lei n\u00ba 13.585\/2017, e visa o desenvolvimento de conte\u00fado para conscientizar a sociedade brasileira e do povo cuiabano acerca das necessidades espec\u00edficas de organiza\u00e7\u00e3o social e de pol\u00edticas p\u00fablicas para promover a inclus\u00e3o social e combater o preconceito e a discrimina\u00e7\u00e3o contra as pessoas com defici\u00eancia.<\/p>\n<p>O tema deste ano de 2024, \u201cNossa hist\u00f3ria: quem somos e o que fazemos\u201d, nos incentiva a refletir sobre a trajet\u00f3ria das Apaes e o seu papel vigoroso na constru\u00e7\u00e3o de uma sociedade mais justa e equitativa. As conquistas alcan\u00e7adas s\u00e3o motivo de orgulho, mas n\u00e3o podemos nos acomodar, tendo em vista que ainda h\u00e1 muito a ser feito para garantir que as pessoas com defici\u00eancia tenham pleno acesso \u00e0 educa\u00e7\u00e3o, sa\u00fade, trabalho, esporte, arte, entre tantos outros direitos.<\/p>\n<p>\u00c9 fato que n\u00f3s lutamos muito tempo por igualdade. Hoje, por\u00e9m, a nossa luta \u00e9 por equidade. Essas duas palavras costumam caminhar juntas e que, muitas vezes, seus significados s\u00e3o confundidos. Isso porque, enquanto a igualdade trata a todos da mesma forma, sem distin\u00e7\u00e3o, a equidade parte do princ\u00edpio de que as pessoas t\u00eam diferentes necessidades e que nem sempre largam do mesmo ponto de partida.<\/p>\n<p>Em vista disso, a equidade \u00e9 uma for\u00e7a motriz alicer\u00e7ada no prop\u00f3sito de garantir que todos tenham as mesmas oportunidades, entretanto, fornecendo os recursos e os apoios necess\u00e1rios, promovendo, consequentemente, um resultado justo para todos. Logo, o discernimento entre equidade e igualdade \u00e9 crucial para respeitarmos as diversidades e sermos verdadeiramente inclusivos.<\/p>\n<p><strong>CONFIRA PROGRAMA\u00c7\u00c3O DA SEMANA<\/strong><\/p>\n<p>21\/08\/2024 \u2013 8h ABERTURA OFICIAL DA SEMANA.<\/p>\n<p>*Apresenta\u00e7\u00e3o da Semana com a Presidente da APAE de CUIAB\u00c1, ROSANGELA DE JESUS.<\/p>\n<p>* Apresenta\u00e7\u00e3o do Coral da SEDUC.<\/p>\n<p>* Contando SUA HIST\u00d3RIA com JACIRA CORREIA GALV\u00c3O m\u00e3e do FABR\u00cdCIO GALV\u00c3O.<\/p>\n<p>* Contando SUA HIST\u00d3RIA com FL\u00c1VIA TEREZA DO NASCIMENTO, Assistente Social da Federa\u00e7\u00e3o das APAES.<\/p>\n<p>22\/08\/2024 \u2013 8h APRESENTA\u00c7\u00c3O CULTURAL.<\/p>\n<p>*Assistida ELYZA VIT\u00d3RIA<\/p>\n<p>* Roda de conversa com o tema: VIV\u00caNCIAS NO MERCADO DE TRABALHO ATENDIDOS DA APAE CUIAB\u00c1.<\/p>\n<p>*IMENTO<\/p>\n<p>23\/08\/2024 \u2013 8h30 PARADA OBRIGAT\u00d3RIA<\/p>\n<p>*A\u00e7\u00e3o de Conscientiza\u00e7\u00e3o dos Assistidos na PRA\u00c7A ALENCASTRO, em frente \u00e0 prefeitura de Cuiab\u00e1.<\/p>\n<p>24 e 25 de AGOSTO &#8211; PROGRAMA\u00c7\u00c3O DA NACIONAL<\/p>\n<p>26\/08\/2024 \u2013 8h Nossas hist\u00f3rias<\/p>\n<p>*COMPARTILHANDO VIV\u00caNCIAS com FAM\u00cdLIA e RESPONS\u00c1VEIS.<\/p>\n<p>27\/08\/2024 \u2013 8h APRESENTA\u00c7\u00c3O CULTURAL<\/p>\n<p>*M\u00c1GICO DE OZ<\/p>\n<p>*NOSSA RELEITURA APAEANA<\/p>\n<p>*RODA DE CONVERSA COMPARTILHANDO NOSSAS HIST\u00d3RIAS com a Diretoria Executiva da APAE CUIAB\u00c1<\/p>\n<p>28\/08\/2024 \u2013 8h<\/p>\n<p>*EQUIPE T\u00c9CNICA DO CRAS (Centro de Refer\u00eancia de Assist\u00eancia Social, com o tema ATENDIMENTO E SUPORTE A PESSOA COM DEFIC\u00caNCIA E SEUS DESAFIOS.<\/p>\n","protected":false},"excerpt":{"rendered":"<p>Apae Cuiab\u00e1 realiza de 21 a 28 de agosto a Semana Nacional da Pessoa com Defici\u00eancia Intelectual e M\u00faltiplas. A Associa\u00e7\u00e3o de Pais e Amigos dos Excepcionais de Cuiab\u00e1, estar\u00e1 realizando de 21 \u00e0 28 de agosto, a Semana Nacional da Pessoa com Defici\u00eancia Intelectual e M\u00faltiplas com o tema \u201cNossa hist\u00f3ria: quem somos e [&hellip;]<\/p>\n","protected":false},"author":2,"featured_media":10211,"comment_status":"closed","ping_status":"closed","sticky":false,"template":"","format":"standard","meta":{"iawp_total_views":5,"footnotes":""},"categories":[13],"tags":[],"class_list":["post-10210","post","type-post","status-publish","format-standard","has-post-thumbnail","hentry","category-institucional"],"yoast_head":"<!-- This site is optimized with the Yoast SEO plugin v27.3 - https:\/\/yoast.com\/product\/yoast-seo-wordpress\/ -->\n<title>A trajet\u00f3ria das Apaes e o seu papel vigoroso na constru\u00e7\u00e3o de uma sociedade mais justa e equitativa &#8902; Blog da Condessa<\/title>\n<meta name=\"robots\" content=\"index, follow, max-snippet:-1, max-image-preview:large, max-video-preview:-1\" \/>\n<link rel=\"canonical\" href=\"https:\/\/blogdacondessa.com.br\/blog\/institucional\/a-trajetoria-das-apaes-e-o-seu-papel-vigoroso-na-construcao-de-uma-sociedade-mais-justa-e-equitativa\/\" \/>\n<meta property=\"og:locale\" content=\"pt_BR\" \/>\n<meta property=\"og:type\" content=\"article\" \/>\n<meta property=\"og:title\" content=\"A trajet\u00f3ria das Apaes e o seu papel vigoroso na constru\u00e7\u00e3o de uma sociedade mais justa e equitativa &#8902; Blog da Condessa\" \/>\n<meta property=\"og:description\" content=\"Apae Cuiab\u00e1 realiza de 21 a 28 de agosto a Semana Nacional da Pessoa com Defici\u00eancia Intelectual e M\u00faltiplas. A Associa\u00e7\u00e3o de Pais e Amigos dos Excepcionais de Cuiab\u00e1, estar\u00e1 realizando de 21 \u00e0 28 de agosto, a Semana Nacional da Pessoa com Defici\u00eancia Intelectual e M\u00faltiplas com o tema \u201cNossa hist\u00f3ria: quem somos e [&hellip;]\" \/>\n<meta property=\"og:url\" content=\"https:\/\/blogdacondessa.com.br\/blog\/institucional\/a-trajetoria-das-apaes-e-o-seu-papel-vigoroso-na-construcao-de-uma-sociedade-mais-justa-e-equitativa\/\" \/>\n<meta property=\"og:site_name\" content=\"Blog da Condessa\" \/>\n<meta property=\"article:published_time\" content=\"2024-08-21T09:00:07+00:00\" \/>\n<meta property=\"og:image\" content=\"https:\/\/blogdacondessa.com.br\/blog\/wp-content\/uploads\/2024\/08\/apae.jpeg\" \/>\n\t<meta property=\"og:image:width\" content=\"474\" \/>\n\t<meta property=\"og:image:height\" content=\"237\" \/>\n\t<meta property=\"og:image:type\" content=\"image\/jpeg\" \/>\n<meta name=\"author\" content=\"Blog da Condessa\" \/>\n<meta name=\"twitter:card\" content=\"summary_large_image\" \/>\n<meta name=\"twitter:label1\" content=\"Escrito por\" \/>\n\t<meta name=\"twitter:data1\" content=\"Blog da Condessa\" \/>\n\t<meta name=\"twitter:label2\" content=\"Est. tempo de leitura\" \/>\n\t<meta name=\"twitter:data2\" content=\"4 minutos\" \/>\n<script type=\"application\/ld+json\" class=\"yoast-schema-graph\">{\"@context\":\"https:\\\/\\\/schema.org\",\"@graph\":[{\"@type\":\"Article\",\"@id\":\"https:\\\/\\\/blogdacondessa.com.br\\\/blog\\\/institucional\\\/a-trajetoria-das-apaes-e-o-seu-papel-vigoroso-na-construcao-de-uma-sociedade-mais-justa-e-equitativa\\\/#article\",\"isPartOf\":{\"@id\":\"https:\\\/\\\/blogdacondessa.com.br\\\/blog\\\/institucional\\\/a-trajetoria-das-apaes-e-o-seu-papel-vigoroso-na-construcao-de-uma-sociedade-mais-justa-e-equitativa\\\/\"},\"author\":{\"name\":\"Blog da Condessa\",\"@id\":\"https:\\\/\\\/blogdacondessa.com.br\\\/blog\\\/#\\\/schema\\\/person\\\/1d667ff8b785195b568677489d266035\"},\"headline\":\"A trajet\u00f3ria das Apaes e o seu papel vigoroso na constru\u00e7\u00e3o de uma sociedade mais justa e equitativa\",\"datePublished\":\"2024-08-21T09:00:07+00:00\",\"mainEntityOfPage\":{\"@id\":\"https:\\\/\\\/blogdacondessa.com.br\\\/blog\\\/institucional\\\/a-trajetoria-das-apaes-e-o-seu-papel-vigoroso-na-construcao-de-uma-sociedade-mais-justa-e-equitativa\\\/\"},\"wordCount\":704,\"image\":{\"@id\":\"https:\\\/\\\/blogdacondessa.com.br\\\/blog\\\/institucional\\\/a-trajetoria-das-apaes-e-o-seu-papel-vigoroso-na-construcao-de-uma-sociedade-mais-justa-e-equitativa\\\/#primaryimage\"},\"thumbnailUrl\":\"https:\\\/\\\/blogdacondessa.com.br\\\/blog\\\/wp-content\\\/uploads\\\/2024\\\/08\\\/apae.jpeg\",\"articleSection\":[\"Institucional\"],\"inLanguage\":\"pt-BR\"},{\"@type\":\"WebPage\",\"@id\":\"https:\\\/\\\/blogdacondessa.com.br\\\/blog\\\/institucional\\\/a-trajetoria-das-apaes-e-o-seu-papel-vigoroso-na-construcao-de-uma-sociedade-mais-justa-e-equitativa\\\/\",\"url\":\"https:\\\/\\\/blogdacondessa.com.br\\\/blog\\\/institucional\\\/a-trajetoria-das-apaes-e-o-seu-papel-vigoroso-na-construcao-de-uma-sociedade-mais-justa-e-equitativa\\\/\",\"name\":\"A trajet\u00f3ria das Apaes e o seu papel vigoroso na constru\u00e7\u00e3o de uma sociedade mais justa e equitativa &#8902; Blog da Condessa\",\"isPartOf\":{\"@id\":\"https:\\\/\\\/blogdacondessa.com.br\\\/blog\\\/#website\"},\"primaryImageOfPage\":{\"@id\":\"https:\\\/\\\/blogdacondessa.com.br\\\/blog\\\/institucional\\\/a-trajetoria-das-apaes-e-o-seu-papel-vigoroso-na-construcao-de-uma-sociedade-mais-justa-e-equitativa\\\/#primaryimage\"},\"image\":{\"@id\":\"https:\\\/\\\/blogdacondessa.com.br\\\/blog\\\/institucional\\\/a-trajetoria-das-apaes-e-o-seu-papel-vigoroso-na-construcao-de-uma-sociedade-mais-justa-e-equitativa\\\/#primaryimage\"},\"thumbnailUrl\":\"https:\\\/\\\/blogdacondessa.com.br\\\/blog\\\/wp-content\\\/uploads\\\/2024\\\/08\\\/apae.jpeg\",\"datePublished\":\"2024-08-21T09:00:07+00:00\",\"author\":{\"@id\":\"https:\\\/\\\/blogdacondessa.com.br\\\/blog\\\/#\\\/schema\\\/person\\\/1d667ff8b785195b568677489d266035\"},\"breadcrumb\":{\"@id\":\"https:\\\/\\\/blogdacondessa.com.br\\\/blog\\\/institucional\\\/a-trajetoria-das-apaes-e-o-seu-papel-vigoroso-na-construcao-de-uma-sociedade-mais-justa-e-equitativa\\\/#breadcrumb\"},\"inLanguage\":\"pt-BR\",\"potentialAction\":[{\"@type\":\"ReadAction\",\"target\":[\"https:\\\/\\\/blogdacondessa.com.br\\\/blog\\\/institucional\\\/a-trajetoria-das-apaes-e-o-seu-papel-vigoroso-na-construcao-de-uma-sociedade-mais-justa-e-equitativa\\\/\"]}]},{\"@type\":\"ImageObject\",\"inLanguage\":\"pt-BR\",\"@id\":\"https:\\\/\\\/blogdacondessa.com.br\\\/blog\\\/institucional\\\/a-trajetoria-das-apaes-e-o-seu-papel-vigoroso-na-construcao-de-uma-sociedade-mais-justa-e-equitativa\\\/#primaryimage\",\"url\":\"https:\\\/\\\/blogdacondessa.com.br\\\/blog\\\/wp-content\\\/uploads\\\/2024\\\/08\\\/apae.jpeg\",\"contentUrl\":\"https:\\\/\\\/blogdacondessa.com.br\\\/blog\\\/wp-content\\\/uploads\\\/2024\\\/08\\\/apae.jpeg\",\"width\":474,\"height\":237,\"caption\":\"Foto: Reprodu\u00e7\u00e3o\"},{\"@type\":\"BreadcrumbList\",\"@id\":\"https:\\\/\\\/blogdacondessa.com.br\\\/blog\\\/institucional\\\/a-trajetoria-das-apaes-e-o-seu-papel-vigoroso-na-construcao-de-uma-sociedade-mais-justa-e-equitativa\\\/#breadcrumb\",\"itemListElement\":[{\"@type\":\"ListItem\",\"position\":1,\"name\":\"In\u00edcio\",\"item\":\"https:\\\/\\\/blogdacondessa.com.br\\\/blog\\\/\"},{\"@type\":\"ListItem\",\"position\":2,\"name\":\"A trajet\u00f3ria das Apaes e o seu papel vigoroso na constru\u00e7\u00e3o de uma sociedade mais justa e equitativa\"}]},{\"@type\":\"WebSite\",\"@id\":\"https:\\\/\\\/blogdacondessa.com.br\\\/blog\\\/#website\",\"url\":\"https:\\\/\\\/blogdacondessa.com.br\\\/blog\\\/\",\"name\":\"Blog da Condessa\",\"description\":\"Com Shirley de Souza O\u2019Campos\",\"potentialAction\":[{\"@type\":\"SearchAction\",\"target\":{\"@type\":\"EntryPoint\",\"urlTemplate\":\"https:\\\/\\\/blogdacondessa.com.br\\\/blog\\\/?s={search_term_string}\"},\"query-input\":{\"@type\":\"PropertyValueSpecification\",\"valueRequired\":true,\"valueName\":\"search_term_string\"}}],\"inLanguage\":\"pt-BR\"},{\"@type\":\"Person\",\"@id\":\"https:\\\/\\\/blogdacondessa.com.br\\\/blog\\\/#\\\/schema\\\/person\\\/1d667ff8b785195b568677489d266035\",\"name\":\"Blog da Condessa\",\"image\":{\"@type\":\"ImageObject\",\"inLanguage\":\"pt-BR\",\"@id\":\"https:\\\/\\\/secure.gravatar.com\\\/avatar\\\/377c0eb8b4ad2bfc25461b41564b5971e721ca34a57642868fc7b0c8ac7b52c5?s=96&d=mm&r=g\",\"url\":\"https:\\\/\\\/secure.gravatar.com\\\/avatar\\\/377c0eb8b4ad2bfc25461b41564b5971e721ca34a57642868fc7b0c8ac7b52c5?s=96&d=mm&r=g\",\"contentUrl\":\"https:\\\/\\\/secure.gravatar.com\\\/avatar\\\/377c0eb8b4ad2bfc25461b41564b5971e721ca34a57642868fc7b0c8ac7b52c5?s=96&d=mm&r=g\",\"caption\":\"Blog da Condessa\"},\"url\":\"https:\\\/\\\/blogdacondessa.com.br\\\/blog\\\/author\\\/beatriz\\\/\"}]}<\/script>\n<!-- \/ Yoast SEO plugin. -->","yoast_head_json":{"title":"A trajet\u00f3ria das Apaes e o seu papel vigoroso na constru\u00e7\u00e3o de uma sociedade mais justa e equitativa &#8902; Blog da Condessa","robots":{"index":"index","follow":"follow","max-snippet":"max-snippet:-1","max-image-preview":"max-image-preview:large","max-video-preview":"max-video-preview:-1"},"canonical":"https:\/\/blogdacondessa.com.br\/blog\/institucional\/a-trajetoria-das-apaes-e-o-seu-papel-vigoroso-na-construcao-de-uma-sociedade-mais-justa-e-equitativa\/","og_locale":"pt_BR","og_type":"article","og_title":"A trajet\u00f3ria das Apaes e o seu papel vigoroso na constru\u00e7\u00e3o de uma sociedade mais justa e equitativa &#8902; Blog da Condessa","og_description":"Apae Cuiab\u00e1 realiza de 21 a 28 de agosto a Semana Nacional da Pessoa com Defici\u00eancia Intelectual e M\u00faltiplas. A Associa\u00e7\u00e3o de Pais e Amigos dos Excepcionais de Cuiab\u00e1, estar\u00e1 realizando de 21 \u00e0 28 de agosto, a Semana Nacional da Pessoa com Defici\u00eancia Intelectual e M\u00faltiplas com o tema \u201cNossa hist\u00f3ria: quem somos e [&hellip;]","og_url":"https:\/\/blogdacondessa.com.br\/blog\/institucional\/a-trajetoria-das-apaes-e-o-seu-papel-vigoroso-na-construcao-de-uma-sociedade-mais-justa-e-equitativa\/","og_site_name":"Blog da Condessa","article_published_time":"2024-08-21T09:00:07+00:00","og_image":[{"width":474,"height":237,"url":"https:\/\/blogdacondessa.com.br\/blog\/wp-content\/uploads\/2024\/08\/apae.jpeg","type":"image\/jpeg"}],"author":"Blog da Condessa","twitter_card":"summary_large_image","twitter_misc":{"Escrito por":"Blog da Condessa","Est. tempo de leitura":"4 minutos"},"schema":{"@context":"https:\/\/schema.org","@graph":[{"@type":"Article","@id":"https:\/\/blogdacondessa.com.br\/blog\/institucional\/a-trajetoria-das-apaes-e-o-seu-papel-vigoroso-na-construcao-de-uma-sociedade-mais-justa-e-equitativa\/#article","isPartOf":{"@id":"https:\/\/blogdacondessa.com.br\/blog\/institucional\/a-trajetoria-das-apaes-e-o-seu-papel-vigoroso-na-construcao-de-uma-sociedade-mais-justa-e-equitativa\/"},"author":{"name":"Blog da Condessa","@id":"https:\/\/blogdacondessa.com.br\/blog\/#\/schema\/person\/1d667ff8b785195b568677489d266035"},"headline":"A trajet\u00f3ria das Apaes e o seu papel vigoroso na constru\u00e7\u00e3o de uma sociedade mais justa e equitativa","datePublished":"2024-08-21T09:00:07+00:00","mainEntityOfPage":{"@id":"https:\/\/blogdacondessa.com.br\/blog\/institucional\/a-trajetoria-das-apaes-e-o-seu-papel-vigoroso-na-construcao-de-uma-sociedade-mais-justa-e-equitativa\/"},"wordCount":704,"image":{"@id":"https:\/\/blogdacondessa.com.br\/blog\/institucional\/a-trajetoria-das-apaes-e-o-seu-papel-vigoroso-na-construcao-de-uma-sociedade-mais-justa-e-equitativa\/#primaryimage"},"thumbnailUrl":"https:\/\/blogdacondessa.com.br\/blog\/wp-content\/uploads\/2024\/08\/apae.jpeg","articleSection":["Institucional"],"inLanguage":"pt-BR"},{"@type":"WebPage","@id":"https:\/\/blogdacondessa.com.br\/blog\/institucional\/a-trajetoria-das-apaes-e-o-seu-papel-vigoroso-na-construcao-de-uma-sociedade-mais-justa-e-equitativa\/","url":"https:\/\/blogdacondessa.com.br\/blog\/institucional\/a-trajetoria-das-apaes-e-o-seu-papel-vigoroso-na-construcao-de-uma-sociedade-mais-justa-e-equitativa\/","name":"A trajet\u00f3ria das Apaes e o seu papel vigoroso na constru\u00e7\u00e3o de uma sociedade mais justa e equitativa &#8902; Blog da Condessa","isPartOf":{"@id":"https:\/\/blogdacondessa.com.br\/blog\/#website"},"primaryImageOfPage":{"@id":"https:\/\/blogdacondessa.com.br\/blog\/institucional\/a-trajetoria-das-apaes-e-o-seu-papel-vigoroso-na-construcao-de-uma-sociedade-mais-justa-e-equitativa\/#primaryimage"},"image":{"@id":"https:\/\/blogdacondessa.com.br\/blog\/institucional\/a-trajetoria-das-apaes-e-o-seu-papel-vigoroso-na-construcao-de-uma-sociedade-mais-justa-e-equitativa\/#primaryimage"},"thumbnailUrl":"https:\/\/blogdacondessa.com.br\/blog\/wp-content\/uploads\/2024\/08\/apae.jpeg","datePublished":"2024-08-21T09:00:07+00:00","author":{"@id":"https:\/\/blogdacondessa.com.br\/blog\/#\/schema\/person\/1d667ff8b785195b568677489d266035"},"breadcrumb":{"@id":"https:\/\/blogdacondessa.com.br\/blog\/institucional\/a-trajetoria-das-apaes-e-o-seu-papel-vigoroso-na-construcao-de-uma-sociedade-mais-justa-e-equitativa\/#breadcrumb"},"inLanguage":"pt-BR","potentialAction":[{"@type":"ReadAction","target":["https:\/\/blogdacondessa.com.br\/blog\/institucional\/a-trajetoria-das-apaes-e-o-seu-papel-vigoroso-na-construcao-de-uma-sociedade-mais-justa-e-equitativa\/"]}]},{"@type":"ImageObject","inLanguage":"pt-BR","@id":"https:\/\/blogdacondessa.com.br\/blog\/institucional\/a-trajetoria-das-apaes-e-o-seu-papel-vigoroso-na-construcao-de-uma-sociedade-mais-justa-e-equitativa\/#primaryimage","url":"https:\/\/blogdacondessa.com.br\/blog\/wp-content\/uploads\/2024\/08\/apae.jpeg","contentUrl":"https:\/\/blogdacondessa.com.br\/blog\/wp-content\/uploads\/2024\/08\/apae.jpeg","width":474,"height":237,"caption":"Foto: Reprodu\u00e7\u00e3o"},{"@type":"BreadcrumbList","@id":"https:\/\/blogdacondessa.com.br\/blog\/institucional\/a-trajetoria-das-apaes-e-o-seu-papel-vigoroso-na-construcao-de-uma-sociedade-mais-justa-e-equitativa\/#breadcrumb","itemListElement":[{"@type":"ListItem","position":1,"name":"In\u00edcio","item":"https:\/\/blogdacondessa.com.br\/blog\/"},{"@type":"ListItem","position":2,"name":"A trajet\u00f3ria das Apaes e o seu papel vigoroso na constru\u00e7\u00e3o de uma sociedade mais justa e equitativa"}]},{"@type":"WebSite","@id":"https:\/\/blogdacondessa.com.br\/blog\/#website","url":"https:\/\/blogdacondessa.com.br\/blog\/","name":"Blog da Condessa","description":"Com Shirley de Souza O\u2019Campos","potentialAction":[{"@type":"SearchAction","target":{"@type":"EntryPoint","urlTemplate":"https:\/\/blogdacondessa.com.br\/blog\/?s={search_term_string}"},"query-input":{"@type":"PropertyValueSpecification","valueRequired":true,"valueName":"search_term_string"}}],"inLanguage":"pt-BR"},{"@type":"Person","@id":"https:\/\/blogdacondessa.com.br\/blog\/#\/schema\/person\/1d667ff8b785195b568677489d266035","name":"Blog da Condessa","image":{"@type":"ImageObject","inLanguage":"pt-BR","@id":"https:\/\/secure.gravatar.com\/avatar\/377c0eb8b4ad2bfc25461b41564b5971e721ca34a57642868fc7b0c8ac7b52c5?s=96&d=mm&r=g","url":"https:\/\/secure.gravatar.com\/avatar\/377c0eb8b4ad2bfc25461b41564b5971e721ca34a57642868fc7b0c8ac7b52c5?s=96&d=mm&r=g","contentUrl":"https:\/\/secure.gravatar.com\/avatar\/377c0eb8b4ad2bfc25461b41564b5971e721ca34a57642868fc7b0c8ac7b52c5?s=96&d=mm&r=g","caption":"Blog da Condessa"},"url":"https:\/\/blogdacondessa.com.br\/blog\/author\/beatriz\/"}]}},"_links":{"self":[{"href":"https:\/\/blogdacondessa.com.br\/blog\/wp-json\/wp\/v2\/posts\/10210","targetHints":{"allow":["GET"]}}],"collection":[{"href":"https:\/\/blogdacondessa.com.br\/blog\/wp-json\/wp\/v2\/posts"}],"about":[{"href":"https:\/\/blogdacondessa.com.br\/blog\/wp-json\/wp\/v2\/types\/post"}],"author":[{"embeddable":true,"href":"https:\/\/blogdacondessa.com.br\/blog\/wp-json\/wp\/v2\/users\/2"}],"replies":[{"embeddable":true,"href":"https:\/\/blogdacondessa.com.br\/blog\/wp-json\/wp\/v2\/comments?post=10210"}],"version-history":[{"count":0,"href":"https:\/\/blogdacondessa.com.br\/blog\/wp-json\/wp\/v2\/posts\/10210\/revisions"}],"wp:featuredmedia":[{"embeddable":true,"href":"https:\/\/blogdacondessa.com.br\/blog\/wp-json\/wp\/v2\/media\/10211"}],"wp:attachment":[{"href":"https:\/\/blogdacondessa.com.br\/blog\/wp-json\/wp\/v2\/media?parent=10210"}],"wp:term":[{"taxonomy":"category","embeddable":true,"href":"https:\/\/blogdacondessa.com.br\/blog\/wp-json\/wp\/v2\/categories?post=10210"},{"taxonomy":"post_tag","embeddable":true,"href":"https:\/\/blogdacondessa.com.br\/blog\/wp-json\/wp\/v2\/tags?post=10210"}],"curies":[{"name":"wp","href":"https:\/\/api.w.org\/{rel}","templated":true}]}}