{"id":10122,"date":"2024-08-07T08:58:19","date_gmt":"2024-08-07T12:58:19","guid":{"rendered":"https:\/\/blogdacondessa.com.br\/blog\/?p=10122"},"modified":"2024-08-07T08:58:19","modified_gmt":"2024-08-07T12:58:19","slug":"ixpia-musica","status":"publish","type":"post","link":"https:\/\/blogdacondessa.com.br\/blog\/cultura\/ixpia-musica\/","title":{"rendered":"&#8216;Ixpia M\u00fasica&#8217;"},"content":{"rendered":"<p>Projeto de resid\u00eancia art\u00edstica para profissionais da m\u00fasica \u00e9 lan\u00e7ado na Capital. Inscri\u00e7\u00f5es s\u00e3o gratuitas e j\u00e1 est\u00e3o abertas.<br \/>\nA startup mato-grossense Ixpia M\u00fasica, por meio do programa Artista On!, est\u00e1 lan\u00e7ando um projeto de resid\u00eancia art\u00edstica destinado a profissionais da m\u00fasica. O programa tem o objetivo de capacitar produtores e artistas interessados em aprender e entender o ecossistema musical, o funcionamento do mercado e as rela\u00e7\u00f5es que desenvolvem o setor no estado e no pa\u00eds. As inscri\u00e7\u00f5es s\u00e3o gratuitas e j\u00e1 est\u00e3o abertas atrav\u00e9s da p\u00e1gina oficial no Instagram @ixpiamusica.<br \/>\nO projeto de resid\u00eancia art\u00edstica ocorrer\u00e1 nos dias 10 e 11 de agosto, na sede do Movimento Vambora, em Cuiab\u00e1 (MT). Durante esses dias, os profissionais da m\u00fasica ter\u00e3o a oportunidade de aprender sobre direitos autorais, elabora\u00e7\u00e3o de portf\u00f3lio (EPK), atualiza\u00e7\u00e3o e planejamento de marketing digital e como vender shows. Ao final da experi\u00eancia, os participantes ir\u00e3o praticar o pitching entre os colegas do curso.<br \/>\nO programa Artista On! foi dividido em tr\u00eas etapas. A primeira teve in\u00edcio em janeiro de 2024, quando dez artistas mato-grossenses participaram do curso M\u00fasica e Neg\u00f3cio da PUC Rio. Durante essa fase, os artistas passaram por uma imers\u00e3o na ind\u00fastria da m\u00fasica, abordando temas como marketing digital, distribui\u00e7\u00e3o digital, planejamento de neg\u00f3cios, inova\u00e7\u00e3o, gravadoras e selos, sound branding, sincroniza\u00e7\u00e3o e divulga\u00e7\u00e3o<br \/>\nA segunda etapa incluiu a incuba\u00e7\u00e3o realizada pelos profissionais da startup mato-grossense, onde os artistas puderam compreender melhor o cen\u00e1rio de suas carreiras no mercado. Atrav\u00e9s da investiga\u00e7\u00e3o do trabalho do artista e seu posicionamento na m\u00fasica mato-grossense, tiveram a oportunidade de conhecer a hist\u00f3ria da cena musical local, marketing digital e capta\u00e7\u00e3o de recursos p\u00fablicos e privados.<br \/>\nA resid\u00eancia art\u00edstica vem para finalizar a terceira etapa do programa. Segundo Al\u00ea Grandini, coordenadora do Artista On!, essa etapa \u00e9 pr\u00e1tica. \u201cQueremos trazer mais pessoas para esse movimento. Essa \u00e9 uma etapa de m\u00e3o na massa para ser uma troca entre os profissionais. Essa resid\u00eancia art\u00edstica \u00e9 para finalizar esse processo que come\u00e7amos l\u00e1 em janeiro. Queremos cada vez mais ampliar e aperfei\u00e7oar o mercado da m\u00fasica em nosso estado\u201d, afirmou.<br \/>\nO programa Artista On! \u00e9 realizado atrav\u00e9s do edital Viver Cultura da Secretaria de Estado de Cultura, Esporte e Lazer.<br \/>\n<strong>Ixipia M\u00fasica<\/strong><br \/>\nIxipia M\u00fasica \u00e9 uma startup mato-grossense do segmento musical, que atua na educa\u00e7\u00e3o empreendedora e tecnol\u00f3gica para artistas e demais agentes do ecossistema musical de Mato Grosso. Oferecemos a\u00e7\u00f5es de incuba\u00e7\u00e3o de profissionais e acelera\u00e7\u00e3o de projetos. Existimos para ajudar os profissionais da m\u00fasica do nosso estado a se desenvolverem enquanto gestores e executores do pr\u00f3prio neg\u00f3cio, por meio da educa\u00e7\u00e3o.<br \/>\n<strong>Servi\u00e7o<\/strong><br \/>\nData da Resid\u00eancia: 10 e 11 de agosto de 2024<br \/>\nLocal: Sede do Movimento Vambora \u2013 Cuiab\u00e1 (MT)<br \/>\nLink para inscri\u00e7\u00e3o: https:\/\/docs.google.com\/forms\/d\/e\/1FAIpQLScgdP6qW-2ky3nFcpdSJYN4ipTzvtRh1p6f6sM4DSk_lJhdBg\/viewform<\/p>\n","protected":false},"excerpt":{"rendered":"<p>Projeto de resid\u00eancia art\u00edstica para profissionais da m\u00fasica \u00e9 lan\u00e7ado na Capital. Inscri\u00e7\u00f5es s\u00e3o gratuitas e j\u00e1 est\u00e3o abertas. A startup mato-grossense Ixpia M\u00fasica, por meio do programa Artista On!, est\u00e1 lan\u00e7ando um projeto de resid\u00eancia art\u00edstica destinado a profissionais da m\u00fasica. O programa tem o objetivo de capacitar produtores e artistas interessados em aprender [&hellip;]<\/p>\n","protected":false},"author":2,"featured_media":10123,"comment_status":"closed","ping_status":"closed","sticky":false,"template":"","format":"standard","meta":{"iawp_total_views":1,"footnotes":""},"categories":[18],"tags":[],"class_list":["post-10122","post","type-post","status-publish","format-standard","has-post-thumbnail","hentry","category-cultura"],"yoast_head":"<!-- This site is optimized with the Yoast SEO plugin v27.3 - https:\/\/yoast.com\/product\/yoast-seo-wordpress\/ -->\n<title>&#039;Ixpia M\u00fasica&#039; &#8902; Blog da Condessa<\/title>\n<meta name=\"robots\" content=\"index, follow, max-snippet:-1, max-image-preview:large, max-video-preview:-1\" \/>\n<link rel=\"canonical\" href=\"https:\/\/blogdacondessa.com.br\/blog\/cultura\/ixpia-musica\/\" \/>\n<meta property=\"og:locale\" content=\"pt_BR\" \/>\n<meta property=\"og:type\" content=\"article\" \/>\n<meta property=\"og:title\" content=\"&#039;Ixpia M\u00fasica&#039; &#8902; Blog da Condessa\" \/>\n<meta property=\"og:description\" content=\"Projeto de resid\u00eancia art\u00edstica para profissionais da m\u00fasica \u00e9 lan\u00e7ado na Capital. Inscri\u00e7\u00f5es s\u00e3o gratuitas e j\u00e1 est\u00e3o abertas. A startup mato-grossense Ixpia M\u00fasica, por meio do programa Artista On!, est\u00e1 lan\u00e7ando um projeto de resid\u00eancia art\u00edstica destinado a profissionais da m\u00fasica. O programa tem o objetivo de capacitar produtores e artistas interessados em aprender [&hellip;]\" \/>\n<meta property=\"og:url\" content=\"https:\/\/blogdacondessa.com.br\/blog\/cultura\/ixpia-musica\/\" \/>\n<meta property=\"og:site_name\" content=\"Blog da Condessa\" \/>\n<meta property=\"article:published_time\" content=\"2024-08-07T12:58:19+00:00\" \/>\n<meta property=\"og:image\" content=\"https:\/\/blogdacondessa.com.br\/blog\/wp-content\/uploads\/2024\/08\/ixpia-musica.jpeg\" \/>\n\t<meta property=\"og:image:width\" content=\"800\" \/>\n\t<meta property=\"og:image:height\" content=\"533\" \/>\n\t<meta property=\"og:image:type\" content=\"image\/jpeg\" \/>\n<meta name=\"author\" content=\"Blog da Condessa\" \/>\n<meta name=\"twitter:card\" content=\"summary_large_image\" \/>\n<meta name=\"twitter:label1\" content=\"Escrito por\" \/>\n\t<meta name=\"twitter:data1\" content=\"Blog da Condessa\" \/>\n\t<meta name=\"twitter:label2\" content=\"Est. tempo de leitura\" \/>\n\t<meta name=\"twitter:data2\" content=\"3 minutos\" \/>\n<script type=\"application\/ld+json\" class=\"yoast-schema-graph\">{\"@context\":\"https:\\\/\\\/schema.org\",\"@graph\":[{\"@type\":\"Article\",\"@id\":\"https:\\\/\\\/blogdacondessa.com.br\\\/blog\\\/cultura\\\/ixpia-musica\\\/#article\",\"isPartOf\":{\"@id\":\"https:\\\/\\\/blogdacondessa.com.br\\\/blog\\\/cultura\\\/ixpia-musica\\\/\"},\"author\":{\"name\":\"Blog da Condessa\",\"@id\":\"https:\\\/\\\/blogdacondessa.com.br\\\/blog\\\/#\\\/schema\\\/person\\\/1d667ff8b785195b568677489d266035\"},\"headline\":\"&#8216;Ixpia M\u00fasica&#8217;\",\"datePublished\":\"2024-08-07T12:58:19+00:00\",\"mainEntityOfPage\":{\"@id\":\"https:\\\/\\\/blogdacondessa.com.br\\\/blog\\\/cultura\\\/ixpia-musica\\\/\"},\"wordCount\":533,\"image\":{\"@id\":\"https:\\\/\\\/blogdacondessa.com.br\\\/blog\\\/cultura\\\/ixpia-musica\\\/#primaryimage\"},\"thumbnailUrl\":\"https:\\\/\\\/blogdacondessa.com.br\\\/blog\\\/wp-content\\\/uploads\\\/2024\\\/08\\\/ixpia-musica.jpeg\",\"articleSection\":[\"Cultura\"],\"inLanguage\":\"pt-BR\"},{\"@type\":\"WebPage\",\"@id\":\"https:\\\/\\\/blogdacondessa.com.br\\\/blog\\\/cultura\\\/ixpia-musica\\\/\",\"url\":\"https:\\\/\\\/blogdacondessa.com.br\\\/blog\\\/cultura\\\/ixpia-musica\\\/\",\"name\":\"'Ixpia M\u00fasica' &#8902; Blog da Condessa\",\"isPartOf\":{\"@id\":\"https:\\\/\\\/blogdacondessa.com.br\\\/blog\\\/#website\"},\"primaryImageOfPage\":{\"@id\":\"https:\\\/\\\/blogdacondessa.com.br\\\/blog\\\/cultura\\\/ixpia-musica\\\/#primaryimage\"},\"image\":{\"@id\":\"https:\\\/\\\/blogdacondessa.com.br\\\/blog\\\/cultura\\\/ixpia-musica\\\/#primaryimage\"},\"thumbnailUrl\":\"https:\\\/\\\/blogdacondessa.com.br\\\/blog\\\/wp-content\\\/uploads\\\/2024\\\/08\\\/ixpia-musica.jpeg\",\"datePublished\":\"2024-08-07T12:58:19+00:00\",\"author\":{\"@id\":\"https:\\\/\\\/blogdacondessa.com.br\\\/blog\\\/#\\\/schema\\\/person\\\/1d667ff8b785195b568677489d266035\"},\"breadcrumb\":{\"@id\":\"https:\\\/\\\/blogdacondessa.com.br\\\/blog\\\/cultura\\\/ixpia-musica\\\/#breadcrumb\"},\"inLanguage\":\"pt-BR\",\"potentialAction\":[{\"@type\":\"ReadAction\",\"target\":[\"https:\\\/\\\/blogdacondessa.com.br\\\/blog\\\/cultura\\\/ixpia-musica\\\/\"]}]},{\"@type\":\"ImageObject\",\"inLanguage\":\"pt-BR\",\"@id\":\"https:\\\/\\\/blogdacondessa.com.br\\\/blog\\\/cultura\\\/ixpia-musica\\\/#primaryimage\",\"url\":\"https:\\\/\\\/blogdacondessa.com.br\\\/blog\\\/wp-content\\\/uploads\\\/2024\\\/08\\\/ixpia-musica.jpeg\",\"contentUrl\":\"https:\\\/\\\/blogdacondessa.com.br\\\/blog\\\/wp-content\\\/uploads\\\/2024\\\/08\\\/ixpia-musica.jpeg\",\"width\":800,\"height\":533,\"caption\":\"Foto: Reprodu\u00e7\u00e3o\"},{\"@type\":\"BreadcrumbList\",\"@id\":\"https:\\\/\\\/blogdacondessa.com.br\\\/blog\\\/cultura\\\/ixpia-musica\\\/#breadcrumb\",\"itemListElement\":[{\"@type\":\"ListItem\",\"position\":1,\"name\":\"In\u00edcio\",\"item\":\"https:\\\/\\\/blogdacondessa.com.br\\\/blog\\\/\"},{\"@type\":\"ListItem\",\"position\":2,\"name\":\"&#8216;Ixpia M\u00fasica&#8217;\"}]},{\"@type\":\"WebSite\",\"@id\":\"https:\\\/\\\/blogdacondessa.com.br\\\/blog\\\/#website\",\"url\":\"https:\\\/\\\/blogdacondessa.com.br\\\/blog\\\/\",\"name\":\"Blog da Condessa\",\"description\":\"Com Shirley de Souza O\u2019Campos\",\"potentialAction\":[{\"@type\":\"SearchAction\",\"target\":{\"@type\":\"EntryPoint\",\"urlTemplate\":\"https:\\\/\\\/blogdacondessa.com.br\\\/blog\\\/?s={search_term_string}\"},\"query-input\":{\"@type\":\"PropertyValueSpecification\",\"valueRequired\":true,\"valueName\":\"search_term_string\"}}],\"inLanguage\":\"pt-BR\"},{\"@type\":\"Person\",\"@id\":\"https:\\\/\\\/blogdacondessa.com.br\\\/blog\\\/#\\\/schema\\\/person\\\/1d667ff8b785195b568677489d266035\",\"name\":\"Blog da Condessa\",\"image\":{\"@type\":\"ImageObject\",\"inLanguage\":\"pt-BR\",\"@id\":\"https:\\\/\\\/secure.gravatar.com\\\/avatar\\\/377c0eb8b4ad2bfc25461b41564b5971e721ca34a57642868fc7b0c8ac7b52c5?s=96&d=mm&r=g\",\"url\":\"https:\\\/\\\/secure.gravatar.com\\\/avatar\\\/377c0eb8b4ad2bfc25461b41564b5971e721ca34a57642868fc7b0c8ac7b52c5?s=96&d=mm&r=g\",\"contentUrl\":\"https:\\\/\\\/secure.gravatar.com\\\/avatar\\\/377c0eb8b4ad2bfc25461b41564b5971e721ca34a57642868fc7b0c8ac7b52c5?s=96&d=mm&r=g\",\"caption\":\"Blog da Condessa\"},\"url\":\"https:\\\/\\\/blogdacondessa.com.br\\\/blog\\\/author\\\/beatriz\\\/\"}]}<\/script>\n<!-- \/ Yoast SEO plugin. -->","yoast_head_json":{"title":"'Ixpia M\u00fasica' &#8902; Blog da Condessa","robots":{"index":"index","follow":"follow","max-snippet":"max-snippet:-1","max-image-preview":"max-image-preview:large","max-video-preview":"max-video-preview:-1"},"canonical":"https:\/\/blogdacondessa.com.br\/blog\/cultura\/ixpia-musica\/","og_locale":"pt_BR","og_type":"article","og_title":"'Ixpia M\u00fasica' &#8902; Blog da Condessa","og_description":"Projeto de resid\u00eancia art\u00edstica para profissionais da m\u00fasica \u00e9 lan\u00e7ado na Capital. Inscri\u00e7\u00f5es s\u00e3o gratuitas e j\u00e1 est\u00e3o abertas. A startup mato-grossense Ixpia M\u00fasica, por meio do programa Artista On!, est\u00e1 lan\u00e7ando um projeto de resid\u00eancia art\u00edstica destinado a profissionais da m\u00fasica. O programa tem o objetivo de capacitar produtores e artistas interessados em aprender [&hellip;]","og_url":"https:\/\/blogdacondessa.com.br\/blog\/cultura\/ixpia-musica\/","og_site_name":"Blog da Condessa","article_published_time":"2024-08-07T12:58:19+00:00","og_image":[{"width":800,"height":533,"url":"https:\/\/blogdacondessa.com.br\/blog\/wp-content\/uploads\/2024\/08\/ixpia-musica.jpeg","type":"image\/jpeg"}],"author":"Blog da Condessa","twitter_card":"summary_large_image","twitter_misc":{"Escrito por":"Blog da Condessa","Est. tempo de leitura":"3 minutos"},"schema":{"@context":"https:\/\/schema.org","@graph":[{"@type":"Article","@id":"https:\/\/blogdacondessa.com.br\/blog\/cultura\/ixpia-musica\/#article","isPartOf":{"@id":"https:\/\/blogdacondessa.com.br\/blog\/cultura\/ixpia-musica\/"},"author":{"name":"Blog da Condessa","@id":"https:\/\/blogdacondessa.com.br\/blog\/#\/schema\/person\/1d667ff8b785195b568677489d266035"},"headline":"&#8216;Ixpia M\u00fasica&#8217;","datePublished":"2024-08-07T12:58:19+00:00","mainEntityOfPage":{"@id":"https:\/\/blogdacondessa.com.br\/blog\/cultura\/ixpia-musica\/"},"wordCount":533,"image":{"@id":"https:\/\/blogdacondessa.com.br\/blog\/cultura\/ixpia-musica\/#primaryimage"},"thumbnailUrl":"https:\/\/blogdacondessa.com.br\/blog\/wp-content\/uploads\/2024\/08\/ixpia-musica.jpeg","articleSection":["Cultura"],"inLanguage":"pt-BR"},{"@type":"WebPage","@id":"https:\/\/blogdacondessa.com.br\/blog\/cultura\/ixpia-musica\/","url":"https:\/\/blogdacondessa.com.br\/blog\/cultura\/ixpia-musica\/","name":"'Ixpia M\u00fasica' &#8902; Blog da Condessa","isPartOf":{"@id":"https:\/\/blogdacondessa.com.br\/blog\/#website"},"primaryImageOfPage":{"@id":"https:\/\/blogdacondessa.com.br\/blog\/cultura\/ixpia-musica\/#primaryimage"},"image":{"@id":"https:\/\/blogdacondessa.com.br\/blog\/cultura\/ixpia-musica\/#primaryimage"},"thumbnailUrl":"https:\/\/blogdacondessa.com.br\/blog\/wp-content\/uploads\/2024\/08\/ixpia-musica.jpeg","datePublished":"2024-08-07T12:58:19+00:00","author":{"@id":"https:\/\/blogdacondessa.com.br\/blog\/#\/schema\/person\/1d667ff8b785195b568677489d266035"},"breadcrumb":{"@id":"https:\/\/blogdacondessa.com.br\/blog\/cultura\/ixpia-musica\/#breadcrumb"},"inLanguage":"pt-BR","potentialAction":[{"@type":"ReadAction","target":["https:\/\/blogdacondessa.com.br\/blog\/cultura\/ixpia-musica\/"]}]},{"@type":"ImageObject","inLanguage":"pt-BR","@id":"https:\/\/blogdacondessa.com.br\/blog\/cultura\/ixpia-musica\/#primaryimage","url":"https:\/\/blogdacondessa.com.br\/blog\/wp-content\/uploads\/2024\/08\/ixpia-musica.jpeg","contentUrl":"https:\/\/blogdacondessa.com.br\/blog\/wp-content\/uploads\/2024\/08\/ixpia-musica.jpeg","width":800,"height":533,"caption":"Foto: Reprodu\u00e7\u00e3o"},{"@type":"BreadcrumbList","@id":"https:\/\/blogdacondessa.com.br\/blog\/cultura\/ixpia-musica\/#breadcrumb","itemListElement":[{"@type":"ListItem","position":1,"name":"In\u00edcio","item":"https:\/\/blogdacondessa.com.br\/blog\/"},{"@type":"ListItem","position":2,"name":"&#8216;Ixpia M\u00fasica&#8217;"}]},{"@type":"WebSite","@id":"https:\/\/blogdacondessa.com.br\/blog\/#website","url":"https:\/\/blogdacondessa.com.br\/blog\/","name":"Blog da Condessa","description":"Com Shirley de Souza O\u2019Campos","potentialAction":[{"@type":"SearchAction","target":{"@type":"EntryPoint","urlTemplate":"https:\/\/blogdacondessa.com.br\/blog\/?s={search_term_string}"},"query-input":{"@type":"PropertyValueSpecification","valueRequired":true,"valueName":"search_term_string"}}],"inLanguage":"pt-BR"},{"@type":"Person","@id":"https:\/\/blogdacondessa.com.br\/blog\/#\/schema\/person\/1d667ff8b785195b568677489d266035","name":"Blog da Condessa","image":{"@type":"ImageObject","inLanguage":"pt-BR","@id":"https:\/\/secure.gravatar.com\/avatar\/377c0eb8b4ad2bfc25461b41564b5971e721ca34a57642868fc7b0c8ac7b52c5?s=96&d=mm&r=g","url":"https:\/\/secure.gravatar.com\/avatar\/377c0eb8b4ad2bfc25461b41564b5971e721ca34a57642868fc7b0c8ac7b52c5?s=96&d=mm&r=g","contentUrl":"https:\/\/secure.gravatar.com\/avatar\/377c0eb8b4ad2bfc25461b41564b5971e721ca34a57642868fc7b0c8ac7b52c5?s=96&d=mm&r=g","caption":"Blog da Condessa"},"url":"https:\/\/blogdacondessa.com.br\/blog\/author\/beatriz\/"}]}},"_links":{"self":[{"href":"https:\/\/blogdacondessa.com.br\/blog\/wp-json\/wp\/v2\/posts\/10122","targetHints":{"allow":["GET"]}}],"collection":[{"href":"https:\/\/blogdacondessa.com.br\/blog\/wp-json\/wp\/v2\/posts"}],"about":[{"href":"https:\/\/blogdacondessa.com.br\/blog\/wp-json\/wp\/v2\/types\/post"}],"author":[{"embeddable":true,"href":"https:\/\/blogdacondessa.com.br\/blog\/wp-json\/wp\/v2\/users\/2"}],"replies":[{"embeddable":true,"href":"https:\/\/blogdacondessa.com.br\/blog\/wp-json\/wp\/v2\/comments?post=10122"}],"version-history":[{"count":0,"href":"https:\/\/blogdacondessa.com.br\/blog\/wp-json\/wp\/v2\/posts\/10122\/revisions"}],"wp:featuredmedia":[{"embeddable":true,"href":"https:\/\/blogdacondessa.com.br\/blog\/wp-json\/wp\/v2\/media\/10123"}],"wp:attachment":[{"href":"https:\/\/blogdacondessa.com.br\/blog\/wp-json\/wp\/v2\/media?parent=10122"}],"wp:term":[{"taxonomy":"category","embeddable":true,"href":"https:\/\/blogdacondessa.com.br\/blog\/wp-json\/wp\/v2\/categories?post=10122"},{"taxonomy":"post_tag","embeddable":true,"href":"https:\/\/blogdacondessa.com.br\/blog\/wp-json\/wp\/v2\/tags?post=10122"}],"curies":[{"name":"wp","href":"https:\/\/api.w.org\/{rel}","templated":true}]}}