{"id":100,"date":"2020-02-08T04:00:00","date_gmt":"2020-02-08T04:00:00","guid":{"rendered":"https:\/\/blogdacondessa.local\/beldades-a-caminho-do-miss-mato-grosso\/"},"modified":"2021-06-24T13:19:49","modified_gmt":"2021-06-24T13:19:49","slug":"beldades-a-caminho-do-miss-mato-grosso","status":"publish","type":"post","link":"https:\/\/blogdacondessa.com.br\/blog\/blog\/beldades-a-caminho-do-miss-mato-grosso\/","title":{"rendered":"Beldades a caminho do Miss Mato Grosso"},"content":{"rendered":"<p>Amanh\u00e3, domingo (9\/02), ser\u00e1 escolhida a representante de V\u00e1rzea Grande que vai concorrer ao t\u00edtulo de Miss Mato Grosso.<\/p>\n<p>  <!--more-->  <\/p>\n<p>Concomitante, o concurso vai eleger, tamb\u00e9m, a mais bela garota da cidade de 14 a 18 anos, no \u2018Miss V\u00e1rzea Grande Teen\u2019. J\u00e1 o concurso adulto de 18 a 26 anos.<\/p>\n<p>Segundo o coordenador do Miss Mato Grosso h\u00e1 32 anos, o colunista social Warner Willon, a ideia \u00e9 retomar o concurso no munic\u00edpio. \u201cV\u00e1rzea Grande n\u00e3o tem mais tradi\u00e7\u00e3o em concurso de Miss. Estamos tentando resgatar quatro anos. J\u00e1 \u00e0 frente do Miss Tean est\u00e1 meu s\u00f3cio, o Muryllo Lorenzone\u201d, disse Willon. Somando os dois eventos, h\u00e1 36 candidatas.<\/p>\n<p>O evento escolhe a representante de V\u00e1rzea Grande que vai concorrer ao t\u00edtulo de Miss Mato Grosso que acontece no dia 20 de mar\u00e7o, \u00e0s 20 horas no Hotel Fazenda Mato Grosso.<\/p>\n<p>\u201cN\u00e3o tivemos apoio institucional no Miss VG , j\u00e1 no Miss MT a patronesse \u00e9 a primeira-dama, Virginia Mendes\u201d, frisou Willon.<\/p>\n<p>Respons\u00e1vel pela organiza\u00e7\u00e3o do concurso, Willow\u00a0 informa que para o Miss Mato Grosso h\u00e1 proje\u00e7\u00e3o de 20 munic\u00edpios participarem. \u201cEstamos esperando 18 candidatas na disputa pelo t\u00edtulo de Miss Mato Grosso. Temos 141 munic\u00edpios, mas n\u00e3o h\u00e1 interesse do poder p\u00fablico municipal investir nessa \u00e1rea. Eu carrego\u00a0 esse concurso nas costas desde 1989\u201d, desabafou Willon.<\/p>\n<p>\u00c9 um evento din\u00e2mico que apresenta novos padr\u00f5es. De acordo com o organizador do evento, para se tornar uma Miss \u00e9 preciso beleza, estar bem informada e engajada em uma causa social. \u201cHoje vejo um mundo mais honesto. Empodera mulheres, homens, mas cobra postura. Ou seja, n\u00e3o basta ser apenas bela pra ser Miss. \u00c9 preciso ser inteligente, atual, din\u00e2mica. Do contr\u00e1rio, n\u00e3o passa pra segunda etapa. Hoje, os concursos de Miss est\u00e3o se readequando\u201d, informa o colunista.<\/p>\n<p>Conforme Willon , o evento ter\u00e1 atra\u00e7\u00f5es e shows variados. \u201cTeremos tamb\u00e9m a presen\u00e7a do modelo Carlos Franco que \u00e9 mister Brasil World\u201d.<\/p>\n<p>Para o organizador do evento, ser Miss \u00e9 sin\u00f4nimo de empoderamento. \u201cSer Miss abre portas, conta no curr\u00edculo e faz parte da vaidade. \u00c9 ser recatada, mas n\u00e3o do lar. Hoje, as candidatas a misses precisam unir beleza, contemporaneidade, simpatia, cultura e desenvoltura. Vai al\u00e9m da beleza\u201d, conclui Warner.<\/p>\n<p><strong>\u00a0SERVI\u00c7O:<\/strong><\/p>\n<p>O que: Miss V\u00e1rzea Grande<\/p>\n<p>Quando: 9 de fevereiro de 2020 (domingo)<\/p>\n<p>Hor\u00e1rio: 18 horas<\/p>\n<p>Onde: V\u00e1rzea Grande Shopping<\/p>\n<p>Valor: R$ 30,00 \u2013 ingresso no local.<\/p>\n","protected":false},"excerpt":{"rendered":"<p>Amanh\u00e3, domingo (9\/02), ser\u00e1 escolhida a representante de V\u00e1rzea Grande que vai concorrer ao t\u00edtulo de Miss Mato Grosso.<\/p>\n","protected":false},"author":7,"featured_media":1403,"comment_status":"open","ping_status":"closed","sticky":false,"template":"","format":"standard","meta":{"iawp_total_views":3,"footnotes":""},"categories":[3],"tags":[],"class_list":["post-100","post","type-post","status-publish","format-standard","has-post-thumbnail","hentry","category-blog"],"yoast_head":"<!-- This site is optimized with the Yoast SEO plugin v27.3 - https:\/\/yoast.com\/product\/yoast-seo-wordpress\/ -->\n<title>Beldades a caminho do Miss Mato Grosso &#8902; Blog da Condessa<\/title>\n<meta name=\"robots\" content=\"index, follow, max-snippet:-1, max-image-preview:large, max-video-preview:-1\" \/>\n<link rel=\"canonical\" href=\"https:\/\/blogdacondessa.com.br\/blog\/blog\/beldades-a-caminho-do-miss-mato-grosso\/\" \/>\n<meta property=\"og:locale\" content=\"pt_BR\" \/>\n<meta property=\"og:type\" content=\"article\" \/>\n<meta property=\"og:title\" content=\"Beldades a caminho do Miss Mato Grosso &#8902; Blog da Condessa\" \/>\n<meta property=\"og:description\" content=\"Amanh\u00e3, domingo (9\/02), ser\u00e1 escolhida a representante de V\u00e1rzea Grande que vai concorrer ao t\u00edtulo de Miss Mato Grosso.\" \/>\n<meta property=\"og:url\" content=\"https:\/\/blogdacondessa.com.br\/blog\/blog\/beldades-a-caminho-do-miss-mato-grosso\/\" \/>\n<meta property=\"og:site_name\" content=\"Blog da Condessa\" \/>\n<meta property=\"article:published_time\" content=\"2020-02-08T04:00:00+00:00\" \/>\n<meta property=\"article:modified_time\" content=\"2021-06-24T13:19:49+00:00\" \/>\n<meta property=\"og:image\" content=\"https:\/\/blogdacondessa.com.br\/blog\/wp-content\/uploads\/2021\/06\/63503204d18160dd6a733e989b70c404_L.jpg\" \/>\n\t<meta property=\"og:image:width\" content=\"600\" \/>\n\t<meta property=\"og:image:height\" content=\"299\" \/>\n\t<meta property=\"og:image:type\" content=\"image\/jpeg\" \/>\n<meta name=\"author\" content=\"airton\" \/>\n<meta name=\"twitter:card\" content=\"summary_large_image\" \/>\n<meta name=\"twitter:label1\" content=\"Escrito por\" \/>\n\t<meta name=\"twitter:data1\" content=\"airton\" \/>\n\t<meta name=\"twitter:label2\" content=\"Est. tempo de leitura\" \/>\n\t<meta name=\"twitter:data2\" content=\"2 minutos\" \/>\n<script type=\"application\/ld+json\" class=\"yoast-schema-graph\">{\"@context\":\"https:\\\/\\\/schema.org\",\"@graph\":[{\"@type\":\"Article\",\"@id\":\"https:\\\/\\\/blogdacondessa.com.br\\\/blog\\\/blog\\\/beldades-a-caminho-do-miss-mato-grosso\\\/#article\",\"isPartOf\":{\"@id\":\"https:\\\/\\\/blogdacondessa.com.br\\\/blog\\\/blog\\\/beldades-a-caminho-do-miss-mato-grosso\\\/\"},\"author\":{\"name\":\"airton\",\"@id\":\"https:\\\/\\\/blogdacondessa.com.br\\\/blog\\\/#\\\/schema\\\/person\\\/292c4cb5acb8adfc928179eb6157de30\"},\"headline\":\"Beldades a caminho do Miss Mato Grosso\",\"datePublished\":\"2020-02-08T04:00:00+00:00\",\"dateModified\":\"2021-06-24T13:19:49+00:00\",\"mainEntityOfPage\":{\"@id\":\"https:\\\/\\\/blogdacondessa.com.br\\\/blog\\\/blog\\\/beldades-a-caminho-do-miss-mato-grosso\\\/\"},\"wordCount\":411,\"commentCount\":1,\"image\":{\"@id\":\"https:\\\/\\\/blogdacondessa.com.br\\\/blog\\\/blog\\\/beldades-a-caminho-do-miss-mato-grosso\\\/#primaryimage\"},\"thumbnailUrl\":\"https:\\\/\\\/blogdacondessa.com.br\\\/blog\\\/wp-content\\\/uploads\\\/2021\\\/06\\\/63503204d18160dd6a733e989b70c404_L.jpg\",\"articleSection\":[\"Blog\"],\"inLanguage\":\"pt-BR\",\"potentialAction\":[{\"@type\":\"CommentAction\",\"name\":\"Comment\",\"target\":[\"https:\\\/\\\/blogdacondessa.com.br\\\/blog\\\/blog\\\/beldades-a-caminho-do-miss-mato-grosso\\\/#respond\"]}]},{\"@type\":\"WebPage\",\"@id\":\"https:\\\/\\\/blogdacondessa.com.br\\\/blog\\\/blog\\\/beldades-a-caminho-do-miss-mato-grosso\\\/\",\"url\":\"https:\\\/\\\/blogdacondessa.com.br\\\/blog\\\/blog\\\/beldades-a-caminho-do-miss-mato-grosso\\\/\",\"name\":\"Beldades a caminho do Miss Mato Grosso &#8902; Blog da Condessa\",\"isPartOf\":{\"@id\":\"https:\\\/\\\/blogdacondessa.com.br\\\/blog\\\/#website\"},\"primaryImageOfPage\":{\"@id\":\"https:\\\/\\\/blogdacondessa.com.br\\\/blog\\\/blog\\\/beldades-a-caminho-do-miss-mato-grosso\\\/#primaryimage\"},\"image\":{\"@id\":\"https:\\\/\\\/blogdacondessa.com.br\\\/blog\\\/blog\\\/beldades-a-caminho-do-miss-mato-grosso\\\/#primaryimage\"},\"thumbnailUrl\":\"https:\\\/\\\/blogdacondessa.com.br\\\/blog\\\/wp-content\\\/uploads\\\/2021\\\/06\\\/63503204d18160dd6a733e989b70c404_L.jpg\",\"datePublished\":\"2020-02-08T04:00:00+00:00\",\"dateModified\":\"2021-06-24T13:19:49+00:00\",\"author\":{\"@id\":\"https:\\\/\\\/blogdacondessa.com.br\\\/blog\\\/#\\\/schema\\\/person\\\/292c4cb5acb8adfc928179eb6157de30\"},\"breadcrumb\":{\"@id\":\"https:\\\/\\\/blogdacondessa.com.br\\\/blog\\\/blog\\\/beldades-a-caminho-do-miss-mato-grosso\\\/#breadcrumb\"},\"inLanguage\":\"pt-BR\",\"potentialAction\":[{\"@type\":\"ReadAction\",\"target\":[\"https:\\\/\\\/blogdacondessa.com.br\\\/blog\\\/blog\\\/beldades-a-caminho-do-miss-mato-grosso\\\/\"]}]},{\"@type\":\"ImageObject\",\"inLanguage\":\"pt-BR\",\"@id\":\"https:\\\/\\\/blogdacondessa.com.br\\\/blog\\\/blog\\\/beldades-a-caminho-do-miss-mato-grosso\\\/#primaryimage\",\"url\":\"https:\\\/\\\/blogdacondessa.com.br\\\/blog\\\/wp-content\\\/uploads\\\/2021\\\/06\\\/63503204d18160dd6a733e989b70c404_L.jpg\",\"contentUrl\":\"https:\\\/\\\/blogdacondessa.com.br\\\/blog\\\/wp-content\\\/uploads\\\/2021\\\/06\\\/63503204d18160dd6a733e989b70c404_L.jpg\",\"width\":600,\"height\":299},{\"@type\":\"BreadcrumbList\",\"@id\":\"https:\\\/\\\/blogdacondessa.com.br\\\/blog\\\/blog\\\/beldades-a-caminho-do-miss-mato-grosso\\\/#breadcrumb\",\"itemListElement\":[{\"@type\":\"ListItem\",\"position\":1,\"name\":\"In\u00edcio\",\"item\":\"https:\\\/\\\/blogdacondessa.com.br\\\/blog\\\/\"},{\"@type\":\"ListItem\",\"position\":2,\"name\":\"Beldades a caminho do Miss Mato Grosso\"}]},{\"@type\":\"WebSite\",\"@id\":\"https:\\\/\\\/blogdacondessa.com.br\\\/blog\\\/#website\",\"url\":\"https:\\\/\\\/blogdacondessa.com.br\\\/blog\\\/\",\"name\":\"Blog da Condessa\",\"description\":\"Com Shirley de Souza O\u2019Campos\",\"potentialAction\":[{\"@type\":\"SearchAction\",\"target\":{\"@type\":\"EntryPoint\",\"urlTemplate\":\"https:\\\/\\\/blogdacondessa.com.br\\\/blog\\\/?s={search_term_string}\"},\"query-input\":{\"@type\":\"PropertyValueSpecification\",\"valueRequired\":true,\"valueName\":\"search_term_string\"}}],\"inLanguage\":\"pt-BR\"},{\"@type\":\"Person\",\"@id\":\"https:\\\/\\\/blogdacondessa.com.br\\\/blog\\\/#\\\/schema\\\/person\\\/292c4cb5acb8adfc928179eb6157de30\",\"name\":\"airton\",\"image\":{\"@type\":\"ImageObject\",\"inLanguage\":\"pt-BR\",\"@id\":\"https:\\\/\\\/secure.gravatar.com\\\/avatar\\\/fff439d242b57aadc9897c7a757d12f6a9c2c282667e036a6f7b3ab0e701799c?s=96&d=mm&r=g\",\"url\":\"https:\\\/\\\/secure.gravatar.com\\\/avatar\\\/fff439d242b57aadc9897c7a757d12f6a9c2c282667e036a6f7b3ab0e701799c?s=96&d=mm&r=g\",\"contentUrl\":\"https:\\\/\\\/secure.gravatar.com\\\/avatar\\\/fff439d242b57aadc9897c7a757d12f6a9c2c282667e036a6f7b3ab0e701799c?s=96&d=mm&r=g\",\"caption\":\"airton\"},\"url\":\"https:\\\/\\\/blogdacondessa.com.br\\\/blog\\\/author\\\/airton\\\/\"}]}<\/script>\n<!-- \/ Yoast SEO plugin. -->","yoast_head_json":{"title":"Beldades a caminho do Miss Mato Grosso &#8902; Blog da Condessa","robots":{"index":"index","follow":"follow","max-snippet":"max-snippet:-1","max-image-preview":"max-image-preview:large","max-video-preview":"max-video-preview:-1"},"canonical":"https:\/\/blogdacondessa.com.br\/blog\/blog\/beldades-a-caminho-do-miss-mato-grosso\/","og_locale":"pt_BR","og_type":"article","og_title":"Beldades a caminho do Miss Mato Grosso &#8902; Blog da Condessa","og_description":"Amanh\u00e3, domingo (9\/02), ser\u00e1 escolhida a representante de V\u00e1rzea Grande que vai concorrer ao t\u00edtulo de Miss Mato Grosso.","og_url":"https:\/\/blogdacondessa.com.br\/blog\/blog\/beldades-a-caminho-do-miss-mato-grosso\/","og_site_name":"Blog da Condessa","article_published_time":"2020-02-08T04:00:00+00:00","article_modified_time":"2021-06-24T13:19:49+00:00","og_image":[{"width":600,"height":299,"url":"https:\/\/blogdacondessa.com.br\/blog\/wp-content\/uploads\/2021\/06\/63503204d18160dd6a733e989b70c404_L.jpg","type":"image\/jpeg"}],"author":"airton","twitter_card":"summary_large_image","twitter_misc":{"Escrito por":"airton","Est. tempo de leitura":"2 minutos"},"schema":{"@context":"https:\/\/schema.org","@graph":[{"@type":"Article","@id":"https:\/\/blogdacondessa.com.br\/blog\/blog\/beldades-a-caminho-do-miss-mato-grosso\/#article","isPartOf":{"@id":"https:\/\/blogdacondessa.com.br\/blog\/blog\/beldades-a-caminho-do-miss-mato-grosso\/"},"author":{"name":"airton","@id":"https:\/\/blogdacondessa.com.br\/blog\/#\/schema\/person\/292c4cb5acb8adfc928179eb6157de30"},"headline":"Beldades a caminho do Miss Mato Grosso","datePublished":"2020-02-08T04:00:00+00:00","dateModified":"2021-06-24T13:19:49+00:00","mainEntityOfPage":{"@id":"https:\/\/blogdacondessa.com.br\/blog\/blog\/beldades-a-caminho-do-miss-mato-grosso\/"},"wordCount":411,"commentCount":1,"image":{"@id":"https:\/\/blogdacondessa.com.br\/blog\/blog\/beldades-a-caminho-do-miss-mato-grosso\/#primaryimage"},"thumbnailUrl":"https:\/\/blogdacondessa.com.br\/blog\/wp-content\/uploads\/2021\/06\/63503204d18160dd6a733e989b70c404_L.jpg","articleSection":["Blog"],"inLanguage":"pt-BR","potentialAction":[{"@type":"CommentAction","name":"Comment","target":["https:\/\/blogdacondessa.com.br\/blog\/blog\/beldades-a-caminho-do-miss-mato-grosso\/#respond"]}]},{"@type":"WebPage","@id":"https:\/\/blogdacondessa.com.br\/blog\/blog\/beldades-a-caminho-do-miss-mato-grosso\/","url":"https:\/\/blogdacondessa.com.br\/blog\/blog\/beldades-a-caminho-do-miss-mato-grosso\/","name":"Beldades a caminho do Miss Mato Grosso &#8902; Blog da Condessa","isPartOf":{"@id":"https:\/\/blogdacondessa.com.br\/blog\/#website"},"primaryImageOfPage":{"@id":"https:\/\/blogdacondessa.com.br\/blog\/blog\/beldades-a-caminho-do-miss-mato-grosso\/#primaryimage"},"image":{"@id":"https:\/\/blogdacondessa.com.br\/blog\/blog\/beldades-a-caminho-do-miss-mato-grosso\/#primaryimage"},"thumbnailUrl":"https:\/\/blogdacondessa.com.br\/blog\/wp-content\/uploads\/2021\/06\/63503204d18160dd6a733e989b70c404_L.jpg","datePublished":"2020-02-08T04:00:00+00:00","dateModified":"2021-06-24T13:19:49+00:00","author":{"@id":"https:\/\/blogdacondessa.com.br\/blog\/#\/schema\/person\/292c4cb5acb8adfc928179eb6157de30"},"breadcrumb":{"@id":"https:\/\/blogdacondessa.com.br\/blog\/blog\/beldades-a-caminho-do-miss-mato-grosso\/#breadcrumb"},"inLanguage":"pt-BR","potentialAction":[{"@type":"ReadAction","target":["https:\/\/blogdacondessa.com.br\/blog\/blog\/beldades-a-caminho-do-miss-mato-grosso\/"]}]},{"@type":"ImageObject","inLanguage":"pt-BR","@id":"https:\/\/blogdacondessa.com.br\/blog\/blog\/beldades-a-caminho-do-miss-mato-grosso\/#primaryimage","url":"https:\/\/blogdacondessa.com.br\/blog\/wp-content\/uploads\/2021\/06\/63503204d18160dd6a733e989b70c404_L.jpg","contentUrl":"https:\/\/blogdacondessa.com.br\/blog\/wp-content\/uploads\/2021\/06\/63503204d18160dd6a733e989b70c404_L.jpg","width":600,"height":299},{"@type":"BreadcrumbList","@id":"https:\/\/blogdacondessa.com.br\/blog\/blog\/beldades-a-caminho-do-miss-mato-grosso\/#breadcrumb","itemListElement":[{"@type":"ListItem","position":1,"name":"In\u00edcio","item":"https:\/\/blogdacondessa.com.br\/blog\/"},{"@type":"ListItem","position":2,"name":"Beldades a caminho do Miss Mato Grosso"}]},{"@type":"WebSite","@id":"https:\/\/blogdacondessa.com.br\/blog\/#website","url":"https:\/\/blogdacondessa.com.br\/blog\/","name":"Blog da Condessa","description":"Com Shirley de Souza O\u2019Campos","potentialAction":[{"@type":"SearchAction","target":{"@type":"EntryPoint","urlTemplate":"https:\/\/blogdacondessa.com.br\/blog\/?s={search_term_string}"},"query-input":{"@type":"PropertyValueSpecification","valueRequired":true,"valueName":"search_term_string"}}],"inLanguage":"pt-BR"},{"@type":"Person","@id":"https:\/\/blogdacondessa.com.br\/blog\/#\/schema\/person\/292c4cb5acb8adfc928179eb6157de30","name":"airton","image":{"@type":"ImageObject","inLanguage":"pt-BR","@id":"https:\/\/secure.gravatar.com\/avatar\/fff439d242b57aadc9897c7a757d12f6a9c2c282667e036a6f7b3ab0e701799c?s=96&d=mm&r=g","url":"https:\/\/secure.gravatar.com\/avatar\/fff439d242b57aadc9897c7a757d12f6a9c2c282667e036a6f7b3ab0e701799c?s=96&d=mm&r=g","contentUrl":"https:\/\/secure.gravatar.com\/avatar\/fff439d242b57aadc9897c7a757d12f6a9c2c282667e036a6f7b3ab0e701799c?s=96&d=mm&r=g","caption":"airton"},"url":"https:\/\/blogdacondessa.com.br\/blog\/author\/airton\/"}]}},"_links":{"self":[{"href":"https:\/\/blogdacondessa.com.br\/blog\/wp-json\/wp\/v2\/posts\/100","targetHints":{"allow":["GET"]}}],"collection":[{"href":"https:\/\/blogdacondessa.com.br\/blog\/wp-json\/wp\/v2\/posts"}],"about":[{"href":"https:\/\/blogdacondessa.com.br\/blog\/wp-json\/wp\/v2\/types\/post"}],"author":[{"embeddable":true,"href":"https:\/\/blogdacondessa.com.br\/blog\/wp-json\/wp\/v2\/users\/7"}],"replies":[{"embeddable":true,"href":"https:\/\/blogdacondessa.com.br\/blog\/wp-json\/wp\/v2\/comments?post=100"}],"version-history":[{"count":0,"href":"https:\/\/blogdacondessa.com.br\/blog\/wp-json\/wp\/v2\/posts\/100\/revisions"}],"wp:featuredmedia":[{"embeddable":true,"href":"https:\/\/blogdacondessa.com.br\/blog\/wp-json\/wp\/v2\/media\/1403"}],"wp:attachment":[{"href":"https:\/\/blogdacondessa.com.br\/blog\/wp-json\/wp\/v2\/media?parent=100"}],"wp:term":[{"taxonomy":"category","embeddable":true,"href":"https:\/\/blogdacondessa.com.br\/blog\/wp-json\/wp\/v2\/categories?post=100"},{"taxonomy":"post_tag","embeddable":true,"href":"https:\/\/blogdacondessa.com.br\/blog\/wp-json\/wp\/v2\/tags?post=100"}],"curies":[{"name":"wp","href":"https:\/\/api.w.org\/{rel}","templated":true}]}}